{"id":15964,"date":"2024-04-27T21:12:05","date_gmt":"2024-04-27T19:12:05","guid":{"rendered":"https:\/\/www.alliancefrancaise.cz\/jiznicechy\/cine-club-les-crevettes-pailletees\/"},"modified":"2024-04-27T21:14:15","modified_gmt":"2024-04-27T19:14:15","slug":"cine-club-les-crevettes-pailletees","status":"publish","type":"post","link":"https:\/\/www.alliancefrancaise.cz\/jiznicechy\/fr\/cine-club-les-crevettes-pailletees\/","title":{"rendered":"Cin\u00e9-club : Les Crevettes paillet\u00e9es"},"content":{"rendered":"\n<p>Apr\u00e8s avoir tenu des propos homophobes, Matthias Le Goff, vice-champion du monde de natation, est condamn\u00e9 \u00e0 entra\u00eener \u00abLes Crevettes Paillet\u00e9es\u00bb, une \u00e9quipe de water-polo gay, davantage motiv\u00e9e par la f\u00eate que par la comp\u00e9tition. Cet explosif attelage va alors se rendre en Croatie pour participer aux Gay Games, le plus grand rassemblement sportif homosexuel du monde. Le chemin parcouru sera l\u2019occasion pour Matthias de d\u00e9couvrir un univers d\u00e9cal\u00e9 qui va bousculer tous ses rep\u00e8res et lui permettre de revoir ses priorit\u00e9s dans la vie. <\/p>\n\n<p><em>Un film de C\u00e9dric Le Gallo et Maxime Govare avec Nicolas Gob, Alban Lenoir, Micha\u00ebl Abiteboul, David Baio, Roland Menou, Geoffrey Couet, Romain Brau, Felix Martinez <\/em><\/p>\n\n<ul class=\"wp-block-list\">\n<li><strong>Quand ?<\/strong> Jeudi 16 mai \u00e0 19h00<\/li>\n\n\n\n<li><strong>O\u00f9 ?<\/strong> Alliance Fran\u00e7aise Ji\u017en\u00ed \u010cechy &#8211; N\u00e1m\u011bst\u00ed P\u0159emysla Otakara II. 79\/21, \u010cesk\u00e9 Bud\u011bjovice<\/li>\n\n\n\n<li><strong>Langue ?<\/strong> version originale fran\u00e7aise, sous-titres tch\u00e8ques <\/li>\n\n\n\n<li><strong>Prix ?<\/strong> Gratuit<\/li>\n<\/ul>\n\n<p><\/p>\n\n<p><\/p>\n\n<p><\/p>\n\n<p><\/p>\n\n<p><\/p>\n\n<p><\/p>\n\n<p><\/p>\n\n<p><\/p>\n\n<p><\/p>\n\n<p><\/p>\n\n<p><\/p>\n\n<p><\/p>\n\n<p><\/p>\n","protected":false},"excerpt":{"rendered":"<p>Un film de C\u00e9dric Le Gallo et Maxime Govare avec Nicolas Gob, Alban Lenoir, Micha\u00ebl Abiteboul, David Baio, Roland Menou, Geoffrey Couet, Romain Brau, Felix Martinez <\/p>\n","protected":false},"author":4,"featured_media":15962,"comment_status":"closed","ping_status":"closed","sticky":false,"template":"","format":"standard","meta":{"_acf_changed":false,"footnotes":""},"categories":[53],"tags":[481,477,104,126,112,292,227,473,478,479,183,119,102,120,110,475,111,187,476,480,116,474],"class_list":["post-15964","post","type-post","status-publish","format-standard","has-post-thumbnail","hentry","category-cine-cine-club","tag-afjiznicechy-fr","tag-aliance-francouzstina-fr","tag-alliance-francaise-fr","tag-alliance-francaise-jizni-cechy-fr","tag-ceska-republika-fr","tag-ceske-budejovice-3","tag-ceske-budejovice-fr","tag-cine-club-fr-2","tag-decouverte-culturelle-fr","tag-echange-culturel-fr","tag-evenement-culturel-fr","tag-francais-fr","tag-francophonie-fr","tag-francouzsku-fr","tag-frankofonie-fr","tag-kulturni-objevy-fr","tag-kulturni-program-fr","tag-kulturni-udalost-fr","tag-kulturni-vymena-fr","tag-programme-fr","tag-rencontre-fr","tag-trpytive-krevety-fr"],"acf":[],"_links":{"self":[{"href":"https:\/\/www.alliancefrancaise.cz\/jiznicechy\/fr\/wp-json\/wp\/v2\/posts\/15964","targetHints":{"allow":["GET"]}}],"collection":[{"href":"https:\/\/www.alliancefrancaise.cz\/jiznicechy\/fr\/wp-json\/wp\/v2\/posts"}],"about":[{"href":"https:\/\/www.alliancefrancaise.cz\/jiznicechy\/fr\/wp-json\/wp\/v2\/types\/post"}],"author":[{"embeddable":true,"href":"https:\/\/www.alliancefrancaise.cz\/jiznicechy\/fr\/wp-json\/wp\/v2\/users\/4"}],"replies":[{"embeddable":true,"href":"https:\/\/www.alliancefrancaise.cz\/jiznicechy\/fr\/wp-json\/wp\/v2\/comments?post=15964"}],"version-history":[{"count":1,"href":"https:\/\/www.alliancefrancaise.cz\/jiznicechy\/fr\/wp-json\/wp\/v2\/posts\/15964\/revisions"}],"predecessor-version":[{"id":15965,"href":"https:\/\/www.alliancefrancaise.cz\/jiznicechy\/fr\/wp-json\/wp\/v2\/posts\/15964\/revisions\/15965"}],"wp:featuredmedia":[{"embeddable":true,"href":"https:\/\/www.alliancefrancaise.cz\/jiznicechy\/fr\/wp-json\/wp\/v2\/media\/15962"}],"wp:attachment":[{"href":"https:\/\/www.alliancefrancaise.cz\/jiznicechy\/fr\/wp-json\/wp\/v2\/media?parent=15964"}],"wp:term":[{"taxonomy":"category","embeddable":true,"href":"https:\/\/www.alliancefrancaise.cz\/jiznicechy\/fr\/wp-json\/wp\/v2\/categories?post=15964"},{"taxonomy":"post_tag","embeddable":true,"href":"https:\/\/www.alliancefrancaise.cz\/jiznicechy\/fr\/wp-json\/wp\/v2\/tags?post=15964"}],"curies":[{"name":"wp","href":"https:\/\/api.w.org\/{rel}","templated":true}]}}