{"id":15995,"date":"2024-05-17T10:10:21","date_gmt":"2024-05-17T08:10:21","guid":{"rendered":"https:\/\/www.alliancefrancaise.cz\/jiznicechy\/une-annee-difficile-au-biograf-kotva\/"},"modified":"2024-07-09T14:43:16","modified_gmt":"2024-07-09T12:43:16","slug":"une-annee-difficile-au-biograf-kotva","status":"publish","type":"post","link":"https:\/\/www.alliancefrancaise.cz\/jiznicechy\/fr\/une-annee-difficile-au-biograf-kotva\/","title":{"rendered":"\u00ab Une ann\u00e9e difficile \u00bb au Biograf Kotva"},"content":{"rendered":"\n<p>Dans le cadre du Festival <strong>Bonjour Budejovice<\/strong> nous avons le plaisir de vous inviter \u00e0 la projection du film fran\u00e7ais \u00abUne ann\u00e9e difficile \u00bb au Biograf Kotva. Un film dr\u00f4le, tendre, avec au passage quelques coups port\u00e9s aux travers de la soci\u00e9t\u00e9. Une com\u00e9die qui prouve que Olivier Nakache et Eric Toledano ont conserv\u00e9 leur don d\u2019amuser et de questionner.<\/p>\n\n<p>Albert et Bruno sont surendett\u00e9s et en bout de course, c\u2019est dans le chemin associatif qu\u2019ils empruntent ensemble qu\u2019ils croisent des jeunes militants \u00e9colos. Plus attir\u00e9s par la bi\u00e8re et les chips gratuites que par leurs arguments, ils vont peu \u00e0 peu int\u00e9grer le mouvement sans conviction\u2026<\/p>\n\n<ul class=\"wp-block-list\">\n<li><strong>Quand ?<\/strong> Dimanche 23 juin \u00e0 18h00<\/li>\n\n\n\n<li><strong>O\u00f9 ?<\/strong> Biograf Kotva, Lidick\u00e1 t\u0159. 2110, \u010cesk\u00e9 Bud\u011bjovice<\/li>\n\n\n\n<li><strong>Langue ?<\/strong> Fran\u00e7ais, sous-titres tch\u00e8ques<\/li>\n\n\n\n<li><strong>Cena?<\/strong> 160 czk <a href=\"https:\/\/bit.ly\/tezkyrok_Bonjour\" target=\"_blank\" rel=\"noopener\">https:\/\/bit.ly\/tezkyrok_Bonjour<\/a><\/li>\n<\/ul>\n\n<p><em>Un film de Eric Toledano, Olivier Nakache avec Pio Marma\u00ef, Jonathan Cohen, No\u00e9mie Merlant<\/em><\/p>\n\n<p><em><em>Le Festival est organis\u00e9 avec le soutien de l&rsquo;Ambassade de France en R\u00e9publique tch\u00e8que, la ville de Ceske Budejovice, la r\u00e9gion de Boh\u00eame du Sud et la ville de Lorient. En partenariat avec Netro Life Radio, Aktiv Klub, la biblioth\u00e8que scientifique de recherche de Ceske Budejovice, la facult\u00e9 de langues romanes de l&rsquo;Universit\u00e9 de Boh\u00eame du Sud, Farkat\u00e9ka, Letn\u00ed kino H\u00e1je\u010dek, Josef Korda, Biograf Kotva et LS kurzy.<\/em><\/em><\/p>\n","protected":false},"excerpt":{"rendered":"<p>Dans le cadre du Festival Bonjour Budejovice nous avons le plaisir de vous inviter \u00e0 la projection du film fran\u00e7ais \u00abUne ann\u00e9e difficile \u00bb au Biograf Kotva. <\/p>\n","protected":false},"author":4,"featured_media":15979,"comment_status":"closed","ping_status":"closed","sticky":false,"template":"","format":"standard","meta":{"_acf_changed":false,"footnotes":""},"categories":[52],"tags":[104,126,112,522,526,158,523,415,119,102,168,165,120,110,518,524,517,521,111,519,525,520],"class_list":["post-15995","post","type-post","status-publish","format-standard","has-post-thumbnail","hentry","category-filmovy-klub","tag-alliance-francaise-fr","tag-alliance-francaise-jizni-cechy-fr","tag-ceska-republika-fr","tag-cinema-independant-fr","tag-comedie-fr","tag-culture-francaise-fr","tag-ecologie-fr","tag-festival-bonjour-budejovice","tag-francais-fr","tag-francophonie-fr","tag-francouzska-kultura-fr","tag-francouzske-kino-fr","tag-francouzsku-fr","tag-frankofonie-fr","tag-humor-fr","tag-humour-fr","tag-kino-fr","tag-komedie-fr","tag-kulturni-program-fr","tag-otazka-fr","tag-question-societe-fr","tag-spolecenska-fr"],"acf":[],"_links":{"self":[{"href":"https:\/\/www.alliancefrancaise.cz\/jiznicechy\/fr\/wp-json\/wp\/v2\/posts\/15995","targetHints":{"allow":["GET"]}}],"collection":[{"href":"https:\/\/www.alliancefrancaise.cz\/jiznicechy\/fr\/wp-json\/wp\/v2\/posts"}],"about":[{"href":"https:\/\/www.alliancefrancaise.cz\/jiznicechy\/fr\/wp-json\/wp\/v2\/types\/post"}],"author":[{"embeddable":true,"href":"https:\/\/www.alliancefrancaise.cz\/jiznicechy\/fr\/wp-json\/wp\/v2\/users\/4"}],"replies":[{"embeddable":true,"href":"https:\/\/www.alliancefrancaise.cz\/jiznicechy\/fr\/wp-json\/wp\/v2\/comments?post=15995"}],"version-history":[{"count":4,"href":"https:\/\/www.alliancefrancaise.cz\/jiznicechy\/fr\/wp-json\/wp\/v2\/posts\/15995\/revisions"}],"predecessor-version":[{"id":16079,"href":"https:\/\/www.alliancefrancaise.cz\/jiznicechy\/fr\/wp-json\/wp\/v2\/posts\/15995\/revisions\/16079"}],"wp:featuredmedia":[{"embeddable":true,"href":"https:\/\/www.alliancefrancaise.cz\/jiznicechy\/fr\/wp-json\/wp\/v2\/media\/15979"}],"wp:attachment":[{"href":"https:\/\/www.alliancefrancaise.cz\/jiznicechy\/fr\/wp-json\/wp\/v2\/media?parent=15995"}],"wp:term":[{"taxonomy":"category","embeddable":true,"href":"https:\/\/www.alliancefrancaise.cz\/jiznicechy\/fr\/wp-json\/wp\/v2\/categories?post=15995"},{"taxonomy":"post_tag","embeddable":true,"href":"https:\/\/www.alliancefrancaise.cz\/jiznicechy\/fr\/wp-json\/wp\/v2\/tags?post=15995"}],"curies":[{"name":"wp","href":"https:\/\/api.w.org\/{rel}","templated":true}]}}