{"id":16306,"date":"2024-11-14T14:54:19","date_gmt":"2024-11-14T13:54:19","guid":{"rendered":"https:\/\/www.alliancefrancaise.cz\/jiznicechy\/?p=16306"},"modified":"2024-11-14T15:48:21","modified_gmt":"2024-11-14T14:48:21","slug":"27eme-edition-du-festival-du-film-francais-ceske-budejovice","status":"publish","type":"post","link":"https:\/\/www.alliancefrancaise.cz\/jiznicechy\/fr\/27eme-edition-du-festival-du-film-francais-ceske-budejovice\/","title":{"rendered":"27\u00e8me \u00e9dition du Festival du film fran\u00e7ais \u2013 \u010cesk\u00e9 Bud\u011bjovice"},"content":{"rendered":"\n<p>La 27<sup>e<\/sup> \u00e9dition du Festival du Film Fran\u00e7ais est bient\u00f4t l\u00e0 ! Elle se d\u00e9roulera \u00e0 \u010cesk\u00e9 Bud\u011bjovice du 21 au 24 novembre 2024, mais sera \u00e9galement \u00e0 Prague, Brno, Ostrava et Hradec Kr\u00e1lov\u00e9.<\/p>\n\n\n\n<p>Au Biograf Kotva, le festival pr\u00e9sentera sept titres en avant-premi\u00e8re, avec en t\u00eate d&rsquo;affiche MONSIEUR AZNAVOUR, un hommage \u00e0 la vie du c\u00e9l\u00e8bre chansonnier fran\u00e7ais d&rsquo;origine arm\u00e9nienne, qui a inspir\u00e9 le visuel de cette ann\u00e9e. Parmi les autres films tr\u00e8s attendus figurent le biopic de Pablo Ag\u00fcero SAINT-EX et le drame romantique de Claire Burger LANGUE \u00c9TRANG\u00c8RE.<\/p>\n\n\n\n<p><strong>PROGRAMME<\/strong><\/p>\n\n\n\n<ul class=\"wp-block-list\">\n<li><a href=\"https:\/\/www.unifrance.org\/film\/58073\/monsieur-aznavour\" target=\"_blank\" rel=\"noreferrer noopener\">Aznavour \/ Monsieur Aznavour<\/a>\u00a0(2024) <\/li>\n\n\n\n<li><a href=\"https:\/\/www.unifrance.org\/film\/55351\/l-amour-et-les-forets\" target=\"_blank\" rel=\"noreferrer noopener\">Jen my dva \/ L\u2018Amour et les for\u00eats<\/a>\u00a0(2023) <\/li>\n\n\n\n<li><a href=\"https:\/\/www.unifrance.org\/film\/56548\/langue-etrangere\" target=\"_blank\" rel=\"noreferrer noopener\">Ciz\u00ed jazyk \/\u00a0Langue \u00e9trang\u00e8re<\/a>\u00a0(2024)<\/li>\n\n\n\n<li><a href=\"https:\/\/www.unifrance.org\/film\/58325\/misericorde\" target=\"_blank\" rel=\"noreferrer noopener\">Pro smilov\u00e1n\u00ed \/ Mis\u00e9ricorde<\/a>\u00a0(2024) <\/li>\n\n\n\n<li><a href=\"https:\/\/www.unifrance.org\/film\/58034\/saint-exupery\" target=\"_blank\" rel=\"noreferrer noopener\">Saint-Exup\u00e9ry \/ Saint-Ex<\/a>\u00a0(2024) <\/li>\n\n\n\n<li><a href=\"https:\/\/www.unifrance.org\/film\/58497\/vingt-dieux\" target=\"_blank\" rel=\"noreferrer noopener\">Ty kr\u00e1vo! \/ Vingt Dieux<\/a>\u00a0(2024) <\/li>\n\n\n\n<li><a href=\"https:\/\/www.unifrance.org\/film\/54935\/vincent-doit-mourir\" target=\"_blank\" rel=\"noreferrer noopener\">Vincent mus\u00ed zem\u0159\u00edt \/ Vincent doit mourir\u00a0<\/a>(2024) <\/li>\n<\/ul>\n\n\n\n<p>R\u00e9servez vos billets d\u00e8s maintenant sur :<a href=\"https:\/\/www.festivalff.cz\/cz\/\" target=\"_blank\" rel=\"noopener\"> https:\/\/www.festivalff.cz\/cz\/<\/a><\/p>\n\n\n\n<p><strong>Quand ? <\/strong>: du 21 au 24 novembre 2024<\/p>\n\n\n\n<p><strong>O\u00f9 ? :<\/strong> Cin\u00e9ma Biograf Kotva, Ceske Budejovice <a href=\"https:\/\/www.biografkotva.cz\/\" target=\"_blank\" rel=\"noopener\">https:\/\/www.biografkotva.cz\/<\/a><\/p>\n\n\n\n<p><strong>Combien ?<\/strong> 160 CZ<\/p>\n\n\n\n<p><\/p>\n","protected":false},"excerpt":{"rendered":"<p>La 27e \u00e9dition du Festival du Film Fran\u00e7ais est bient\u00f4t l\u00e0 ! Elle se d\u00e9roulera \u00e0 \u010cesk\u00e9 Bud\u011bjovice du 21 au 24&#8230;<\/p>\n","protected":false},"author":4,"featured_media":16307,"comment_status":"closed","ping_status":"closed","sticky":false,"template":"","format":"standard","meta":{"_acf_changed":false,"footnotes":""},"categories":[47,53,55],"tags":[104,126,112,297,161,120,111,116],"class_list":["post-16306","post","type-post","status-publish","format-standard","has-post-thumbnail","hentry","category-actualites","category-cine-cine-club","category-festival-film-francais","tag-alliance-francaise-fr","tag-alliance-francaise-jizni-cechy-fr","tag-ceska-republika-fr","tag-festival-du-film-francais-fr","tag-filmovy-klub-fr","tag-francouzsku-fr","tag-kulturni-program-fr","tag-rencontre-fr"],"acf":[],"_links":{"self":[{"href":"https:\/\/www.alliancefrancaise.cz\/jiznicechy\/fr\/wp-json\/wp\/v2\/posts\/16306","targetHints":{"allow":["GET"]}}],"collection":[{"href":"https:\/\/www.alliancefrancaise.cz\/jiznicechy\/fr\/wp-json\/wp\/v2\/posts"}],"about":[{"href":"https:\/\/www.alliancefrancaise.cz\/jiznicechy\/fr\/wp-json\/wp\/v2\/types\/post"}],"author":[{"embeddable":true,"href":"https:\/\/www.alliancefrancaise.cz\/jiznicechy\/fr\/wp-json\/wp\/v2\/users\/4"}],"replies":[{"embeddable":true,"href":"https:\/\/www.alliancefrancaise.cz\/jiznicechy\/fr\/wp-json\/wp\/v2\/comments?post=16306"}],"version-history":[{"count":3,"href":"https:\/\/www.alliancefrancaise.cz\/jiznicechy\/fr\/wp-json\/wp\/v2\/posts\/16306\/revisions"}],"predecessor-version":[{"id":16340,"href":"https:\/\/www.alliancefrancaise.cz\/jiznicechy\/fr\/wp-json\/wp\/v2\/posts\/16306\/revisions\/16340"}],"wp:featuredmedia":[{"embeddable":true,"href":"https:\/\/www.alliancefrancaise.cz\/jiznicechy\/fr\/wp-json\/wp\/v2\/media\/16307"}],"wp:attachment":[{"href":"https:\/\/www.alliancefrancaise.cz\/jiznicechy\/fr\/wp-json\/wp\/v2\/media?parent=16306"}],"wp:term":[{"taxonomy":"category","embeddable":true,"href":"https:\/\/www.alliancefrancaise.cz\/jiznicechy\/fr\/wp-json\/wp\/v2\/categories?post=16306"},{"taxonomy":"post_tag","embeddable":true,"href":"https:\/\/www.alliancefrancaise.cz\/jiznicechy\/fr\/wp-json\/wp\/v2\/tags?post=16306"}],"curies":[{"name":"wp","href":"https:\/\/api.w.org\/{rel}","templated":true}]}}