{"id":16762,"date":"2025-03-04T18:52:27","date_gmt":"2025-03-04T17:52:27","guid":{"rendered":"https:\/\/www.alliancefrancaise.cz\/jiznicechy\/?p=16762"},"modified":"2025-03-04T18:59:44","modified_gmt":"2025-03-04T17:59:44","slug":"cine-club-les-crevettes-pailletees-2-2","status":"publish","type":"post","link":"https:\/\/www.alliancefrancaise.cz\/jiznicechy\/fr\/cine-club-les-crevettes-pailletees-2-2\/","title":{"rendered":"Cin\u00e9-club: En Corps"},"content":{"rendered":"\n<p>Elise, 26 ans est une grande danseuse classique. Elle se blesse pendant un spectacle et apprend qu\u2019elle ne pourra plus danser. D\u00e8s lors sa vie va \u00eatre boulevers\u00e9e, Elise va devoir apprendre \u00e0 se r\u00e9parer\u2026 Entre Paris et la Bretagne, au gr\u00e9 des rencontres et des exp\u00e9riences, des d\u00e9ceptions et des espoirs, Elise va se rapprocher d\u2019une compagnie de danse contemporaine. Cette nouvelle fa\u00e7on de danser va lui permettre de retrouver un nouvel \u00e9lan et aussi une nouvelle fa\u00e7on de vivre.    <\/p>\n\n<p><em>de C\u00e9dric Klapisch\u2022 2021\u2022 2h00\u2022 Fiction\u2022 Com\u00e9die dramatique<br\/>avec Marion Barbeau, Pio Marma\u00ef, Fran\u00e7ois Civil, Denis Podalyd\u00e8s, Muriel Robin<\/em><\/p>\n\n<ul class=\"wp-block-list\">\n<li><strong>Quand ?<\/strong> Jeudi 27 mars \u00e0 19 heures<\/li>\n\n\n\n<li><strong>O\u00f9 ?<\/strong> Alliance Fran\u00e7aise Ji\u017en\u00ed \u010cechy &#8211; N\u00e1m\u011bst\u00ed P\u0159emysla Otakara II. 79\/21, \u010cesk\u00e9 Bud\u011bjovice<\/li>\n\n\n\n<li><strong>Langue ?<\/strong> version originale fran\u00e7aise, sous-titres tch\u00e8ques <\/li>\n\n\n\n<li><strong>Prix ?<\/strong> Gratuit<\/li>\n<\/ul>\n\n<p><\/p>\n\n<p><\/p>\n\n<p><\/p>\n\n<p><\/p>\n\n<p><\/p>\n\n<p><\/p>\n\n<p><\/p>\n\n<p><\/p>\n\n<p><\/p>\n\n<p><\/p>\n\n<p><\/p>\n\n<p><\/p>\n\n<p><\/p>\n","protected":false},"excerpt":{"rendered":"<p>de C\u00e9dric Klapisch\u2022 2021\u2022 2h00\u2022 Fiction\u2022 Com\u00e9die dramatique<br \/>\navec Marion Barbeau, Pio Marma\u00ef, Fran\u00e7ois Civil, Denis Podalyd\u00e8s, Muriel Robin<\/p>\n","protected":false},"author":4,"featured_media":16765,"comment_status":"closed","ping_status":"closed","sticky":false,"template":"","format":"standard","meta":{"_acf_changed":false,"footnotes":""},"categories":[53,48],"tags":[481,477,104,126,536,112,227,292,473,478,107,479,183,119,102,120,110,475,111,187,476,480,116],"class_list":["post-16762","post","type-post","status-publish","format-standard","has-post-thumbnail","hentry","category-cine-cine-club","category-francophonie","tag-afjiznicechy-fr","tag-aliance-francouzstina-fr","tag-alliance-francaise-fr","tag-alliance-francaise-jizni-cechy-fr","tag-aya-de-yopougon-fr","tag-ceska-republika-fr","tag-ceske-budejovice-fr","tag-ceske-budejovice-3","tag-cine-club-fr-2","tag-decouverte-culturelle-fr","tag-dny-frankofonie-fr","tag-echange-culturel-fr","tag-evenement-culturel-fr","tag-francais-fr","tag-francophonie-fr","tag-francouzsku-fr","tag-frankofonie-fr","tag-kulturni-objevy-fr","tag-kulturni-program-fr","tag-kulturni-udalost-fr","tag-kulturni-vymena-fr","tag-programme-fr","tag-rencontre-fr"],"acf":[],"_links":{"self":[{"href":"https:\/\/www.alliancefrancaise.cz\/jiznicechy\/fr\/wp-json\/wp\/v2\/posts\/16762","targetHints":{"allow":["GET"]}}],"collection":[{"href":"https:\/\/www.alliancefrancaise.cz\/jiznicechy\/fr\/wp-json\/wp\/v2\/posts"}],"about":[{"href":"https:\/\/www.alliancefrancaise.cz\/jiznicechy\/fr\/wp-json\/wp\/v2\/types\/post"}],"author":[{"embeddable":true,"href":"https:\/\/www.alliancefrancaise.cz\/jiznicechy\/fr\/wp-json\/wp\/v2\/users\/4"}],"replies":[{"embeddable":true,"href":"https:\/\/www.alliancefrancaise.cz\/jiznicechy\/fr\/wp-json\/wp\/v2\/comments?post=16762"}],"version-history":[{"count":9,"href":"https:\/\/www.alliancefrancaise.cz\/jiznicechy\/fr\/wp-json\/wp\/v2\/posts\/16762\/revisions"}],"predecessor-version":[{"id":16774,"href":"https:\/\/www.alliancefrancaise.cz\/jiznicechy\/fr\/wp-json\/wp\/v2\/posts\/16762\/revisions\/16774"}],"wp:featuredmedia":[{"embeddable":true,"href":"https:\/\/www.alliancefrancaise.cz\/jiznicechy\/fr\/wp-json\/wp\/v2\/media\/16765"}],"wp:attachment":[{"href":"https:\/\/www.alliancefrancaise.cz\/jiznicechy\/fr\/wp-json\/wp\/v2\/media?parent=16762"}],"wp:term":[{"taxonomy":"category","embeddable":true,"href":"https:\/\/www.alliancefrancaise.cz\/jiznicechy\/fr\/wp-json\/wp\/v2\/categories?post=16762"},{"taxonomy":"post_tag","embeddable":true,"href":"https:\/\/www.alliancefrancaise.cz\/jiznicechy\/fr\/wp-json\/wp\/v2\/tags?post=16762"}],"curies":[{"name":"wp","href":"https:\/\/api.w.org\/{rel}","templated":true}]}}