{"id":16777,"date":"2025-03-06T16:00:44","date_gmt":"2025-03-06T15:00:44","guid":{"rendered":"https:\/\/www.alliancefrancaise.cz\/jiznicechy\/?p=16777"},"modified":"2025-08-25T15:58:32","modified_gmt":"2025-08-25T13:58:32","slug":"journees-de-la-francophonie-2024-2","status":"publish","type":"post","link":"https:\/\/www.alliancefrancaise.cz\/jiznicechy\/fr\/journees-de-la-francophonie-2024-2\/","title":{"rendered":"Les journ\u00e9es de la Francophonie 2025"},"content":{"rendered":"\n<p>En mars, nous f\u00eatons la Francophonie ! Et pour l\u2019occasion, l\u2019Alliance Fran\u00e7aise Ji\u017en\u00ed \u010cechy vous propose plusieurs \u00e9v\u00e9nements, qui raviront les petits comme les grands !<\/p>\n\n<h5 class=\"wp-block-heading\">Course d\u2019orientation<\/h5>\n\n<figure class=\"wp-block-image size-large is-resized\"><img loading=\"lazy\" decoding=\"async\" width=\"1360\" height=\"765\" src=\"https:\/\/www.alliancefrancaise.cz\/jiznicechy\/wp-content\/uploads\/2024\/02\/Course-orientation-CB-1360x765.png\" alt=\"\" class=\"wp-image-7314\" style=\"object-fit:cover;width:477px;height:auto\" srcset=\"https:\/\/www.alliancefrancaise.cz\/jiznicechy\/wp-content\/uploads\/2024\/02\/Course-orientation-CB-1360x765.png 1360w, https:\/\/www.alliancefrancaise.cz\/jiznicechy\/wp-content\/uploads\/2024\/02\/Course-orientation-CB-460x259.png 460w, https:\/\/www.alliancefrancaise.cz\/jiznicechy\/wp-content\/uploads\/2024\/02\/Course-orientation-CB-768x432.png 768w, https:\/\/www.alliancefrancaise.cz\/jiznicechy\/wp-content\/uploads\/2024\/02\/Course-orientation-CB.png 1920w\" sizes=\"auto, (max-width: 1360px) 100vw, 1360px\" \/><\/figure>\n\n<p>L\u2019Alliance fran\u00e7aise propose \u00e9galement aux \u00e9l\u00e8ves de Bigy une course d\u2019orientation dans le centre-ville de \u010cesk\u00e9 Bud\u011bjovice. Le but ? \u00catre l\u2019\u00e9quipe la plus rapide en r\u00e9pondant correctement \u00e0 une s\u00e9rie de questions sur la Francophonie !<br\/><a href=\"https:\/\/www.alliancefrancaise.cz\/jiznicechy\/fr\/ateliers-pedagogiques\/\">Moi aussi, je voudrais organiser ces activit\u00e9s p\u00e9dagogiques avec mes \u00e9l\u00e8ves<\/a><\/p>\n\n<h5 class=\"wp-block-heading\">Caf\u00e9 fran\u00e7ais<\/h5>\n\n<p><strong>O\u00f9 ? <\/strong>&#8211; U V\u00e1s, Kn\u011b\u017esk\u00e1 357\/28, \u010cesk\u00e9 Bud\u011bjovice 1, 370 01 \u010cesk\u00e9 Bud\u011bjovice<br\/><strong>Quand ?<\/strong> &#8211; Mercredi 5 mars \u00e0 partir de 19h30<\/p>\n\n<figure class=\"wp-block-image size-large is-resized\"><img loading=\"lazy\" decoding=\"async\" width=\"1360\" height=\"766\" src=\"https:\/\/www.alliancefrancaise.cz\/jiznicechy\/wp-content\/uploads\/2024\/02\/Cafe-francais-couv-FB-1360x766.png\" alt=\"Caf&#xE9; fran&#xE7;ais (couverture)\" class=\"wp-image-7063\" style=\"aspect-ratio:1.7777777777777777;object-fit:cover;width:476px;height:auto\" srcset=\"https:\/\/www.alliancefrancaise.cz\/jiznicechy\/wp-content\/uploads\/2024\/02\/Cafe-francais-couv-FB-1360x766.png 1360w, https:\/\/www.alliancefrancaise.cz\/jiznicechy\/wp-content\/uploads\/2024\/02\/Cafe-francais-couv-FB-460x259.png 460w, https:\/\/www.alliancefrancaise.cz\/jiznicechy\/wp-content\/uploads\/2024\/02\/Cafe-francais-couv-FB-768x433.png 768w, https:\/\/www.alliancefrancaise.cz\/jiznicechy\/wp-content\/uploads\/2024\/02\/Cafe-francais-couv-FB.png 1640w\" sizes=\"auto, (max-width: 1360px) 100vw, 1360px\" \/><\/figure>\n\n<p><br\/>Rejoignez-nous ! Venez partager un moment convivial en compagnie d\u2019autres francophones de la r\u00e9gion et discuter de l\u2019actualit\u00e9 en fran\u00e7ais.<\/p>\n\n<h5 class=\"wp-block-heading\">Journ\u00e9e de la Francophonie \u00e0 Pisek<\/h5>\n\n<p><strong>O\u00f9 ?<\/strong> Gymn\u00e1zium P\u00edsek<br\/><strong>Quand ?<\/strong> Jeudi 13 mars <\/p>\n\n<figure class=\"wp-block-image size-full\"><img loading=\"lazy\" decoding=\"async\" width=\"347\" height=\"270\" src=\"https:\/\/www.alliancefrancaise.cz\/jiznicechy\/wp-content\/uploads\/2025\/03\/Francophonie-2025.jpg\" alt=\"\" class=\"wp-image-16788\" style=\"object-fit:cover\"\/><\/figure>\n\n<p><br\/>L&rsquo;Alliance fran\u00e7aise et Alissa Cochet, du Qu\u00e9bec, viendront \u00e0 P\u00edsek pour pr\u00e9senter aux \u00e9l\u00e8ves de la section europ\u00e9enne du lyc\u00e9e les beaut\u00e9s de la langue fran\u00e7aise au Canada ! Les dipl\u00f4mes DELF seront \u00e9galement remis aux \u00e9l\u00e8ves qui ont r\u00e9ussi l&rsquo;examen. <\/p>\n\n<p><a href=\"https:\/\/www.alliancefrancaise.cz\/jiznicechy\/fr\/ateliers-pedagogiques\/\">Moi aussi, je voudrais organiser ces activit\u00e9s p\u00e9dagogiques avec mes \u00e9l\u00e8ves<\/a><\/p>\n\n<h5 class=\"wp-block-heading\">Soir\u00e9e Qu\u00e9bec et quiz sur la francophonie<\/h5>\n\n<p><strong>O\u00f9 ?<\/strong> Alliance Fran\u00e7aise Ji\u017en\u00ed \u010cechy<br\/><strong>Quand ?<\/strong> jeudi 20 mars \u00e0 partir de 18:30 <\/p>\n\n<figure class=\"wp-block-image size-large is-resized\"><img loading=\"lazy\" decoding=\"async\" width=\"1360\" height=\"765\" src=\"https:\/\/www.alliancefrancaise.cz\/jiznicechy\/wp-content\/uploads\/2025\/03\/soiree-Quebec-et-quiz-1-1360x765.jpg\" alt=\"\" class=\"wp-image-16795\" style=\"width:494px;height:auto\" srcset=\"https:\/\/www.alliancefrancaise.cz\/jiznicechy\/wp-content\/uploads\/2025\/03\/soiree-Quebec-et-quiz-1-1360x765.jpg 1360w, https:\/\/www.alliancefrancaise.cz\/jiznicechy\/wp-content\/uploads\/2025\/03\/soiree-Quebec-et-quiz-1-460x259.jpg 460w, https:\/\/www.alliancefrancaise.cz\/jiznicechy\/wp-content\/uploads\/2025\/03\/soiree-Quebec-et-quiz-1-768x432.jpg 768w, https:\/\/www.alliancefrancaise.cz\/jiznicechy\/wp-content\/uploads\/2025\/03\/soiree-Quebec-et-quiz-1.jpg 1920w\" sizes=\"auto, (max-width: 1360px) 100vw, 1360px\" \/><\/figure>\n\n<p>Le Qu\u00e9bec est une province canadienne dont la langue officielle est le fran\u00e7ais. Vous connaissez peut-\u00eatre le Qu\u00e9bec gr\u00e2ce au sirop d&rsquo;\u00e9rable et au hockey. Alissa Cochet, originaire du Qu\u00e9bec, vous pr\u00e9sentera cette province canadienne et vous permettra d&rsquo;en apprendre davantage \u00e0 son sujet. Au Qu\u00e9bec, le mois de mars est consid\u00e9r\u00e9 comme la p\u00e9riode des sucreries, vous aurez donc l&rsquo;occasion de go\u00fbter quelques sp\u00e9cialit\u00e9s qu\u00e9b\u00e9coises.<br\/>La pr\u00e9sentation sera suivie d&rsquo;un quiz sur le Qu\u00e9bec et la francophonie, dont le gagnant remportera une petite r\u00e9compense !   <\/p>\n\n<p><em>Soir\u00e9e en fran\u00e7ais<br\/>Nombre de places limit\u00e9 \u00e0 20 personnes<br\/>Entr\u00e9e gratuite &#8211; collation payante<\/em><\/p>\n\n<h5 class=\"wp-block-heading\">Soir\u00e9e bretonne<\/h5>\n\n<p><strong>O\u00f9 ?<\/strong> Alliance Fran\u00e7aise Ji\u017en\u00ed \u010cechy<br\/><strong>Quand ?<\/strong> mercredi 26 mars \u00e0 partir de 19:00<\/p>\n\n<figure class=\"wp-block-image size-large is-resized\"><img loading=\"lazy\" decoding=\"async\" width=\"1360\" height=\"765\" src=\"https:\/\/www.alliancefrancaise.cz\/jiznicechy\/wp-content\/uploads\/2025\/03\/Soiree-Bretagne-1360x765.jpg\" alt=\"\" class=\"wp-image-16797\" style=\"aspect-ratio:1.7777777777777777;object-fit:cover;width:479px;height:auto\" srcset=\"https:\/\/www.alliancefrancaise.cz\/jiznicechy\/wp-content\/uploads\/2025\/03\/Soiree-Bretagne-1360x765.jpg 1360w, https:\/\/www.alliancefrancaise.cz\/jiznicechy\/wp-content\/uploads\/2025\/03\/Soiree-Bretagne-460x259.jpg 460w, https:\/\/www.alliancefrancaise.cz\/jiznicechy\/wp-content\/uploads\/2025\/03\/Soiree-Bretagne-768x432.jpg 768w, https:\/\/www.alliancefrancaise.cz\/jiznicechy\/wp-content\/uploads\/2025\/03\/Soiree-Bretagne.jpg 1920w\" sizes=\"auto, (max-width: 1360px) 100vw, 1360px\" \/><\/figure>\n\n<p>La Bretagne est une r\u00e9gion fran\u00e7aise r\u00e9put\u00e9e pour ses belles plages, mais aussi pour son excellente cuisine.<br\/>Nous proposons une soir\u00e9e avec une br\u00e8ve pr\u00e9sentation de la Bretagne, suivie d&rsquo;un repas compos\u00e9 de galettes sal\u00e9es bretonnes (jambon, \u0153ufs, fromage) et sucr\u00e9es (sucre, confiture, chocolat), avec possibilit\u00e9 de boire du cidre.<\/p>\n\n<p><em>Soir\u00e9e en fran\u00e7ais et en tch\u00e8que<br\/>Nombre de places limit\u00e9 \u00e0 16 personnes<br\/>110 CZK (90 CZK pour les membres de l&rsquo;Alliance Fran\u00e7aise)<\/em><\/p>\n\n<p><\/p>\n\n<h5 class=\"wp-block-heading\">Cin\u00e9 club \u00abEn Corps \u00bb<\/h5>\n\n<p><strong>O\u00f9 ?<\/strong> Alliance Fran\u00e7aise Ji\u017en\u00ed \u010cechy<br\/><strong>Quand ? <\/strong>Jeudi 27 mars \u00e0 19h00<\/p>\n\n<figure class=\"wp-block-image size-full is-resized\"><img loading=\"lazy\" decoding=\"async\" width=\"1023\" height=\"682\" src=\"https:\/\/www.alliancefrancaise.cz\/jiznicechy\/wp-content\/uploads\/2025\/03\/en-corps-1.jpg\" alt=\"\" class=\"wp-image-16764\" style=\"aspect-ratio:1.7777777777777777;object-fit:cover;width:477px;height:auto\" srcset=\"https:\/\/www.alliancefrancaise.cz\/jiznicechy\/wp-content\/uploads\/2025\/03\/en-corps-1.jpg 1023w, https:\/\/www.alliancefrancaise.cz\/jiznicechy\/wp-content\/uploads\/2025\/03\/en-corps-1-460x307.jpg 460w, https:\/\/www.alliancefrancaise.cz\/jiznicechy\/wp-content\/uploads\/2025\/03\/en-corps-1-768x512.jpg 768w, https:\/\/www.alliancefrancaise.cz\/jiznicechy\/wp-content\/uploads\/2025\/03\/en-corps-1-440x294.jpg 440w\" sizes=\"auto, (max-width: 1023px) 100vw, 1023px\" \/><\/figure>\n\n<p><br\/>Elise, 26 ans, est une excellente danseuse classique. Au cours d&rsquo;un spectacle, elle se blesse et apprend qu&rsquo;elle ne pourra plus danser. Sa vie bascule et elle doit apprendre \u00e0 se reconstruire&#8230; Entre Paris et la Bretagne, \u00e0 travers des rencontres et des exp\u00e9riences, des d\u00e9ceptions et des espoirs, Elise se rapproche d&rsquo;une compagnie de danse contemporaine. Cette nouvelle fa\u00e7on de danser lui donnera un nouvel \u00e9lan et un nouveau mode de vie.<br\/><em>Projection en version originale fran\u00e7aise avec sous-titres tch\u00e8ques<br\/>Entr\u00e9e gratuite, avec le soutien d&rsquo;IFCin\u00e9ma<\/em><\/p>\n\n<p><mark style=\"background-color:rgba(0, 0, 0, 0)\" class=\"has-inline-color has-red-color\">N\u2019h\u00e9sitez pas et venez f\u00eater la Francophonie avec nous !<br\/>La Francophonie, c\u2019est quoi ? Les journ\u00e9es de la francophonie sont c\u00e9l\u00e9br\u00e9es annuellement par 300 millions de francophones \u00e0 travers les continents. La Journ\u00e9e internationale de la francophonie tombe le 20 mars, mais les f\u00eates et les \u00e9v\u00e9nements se d\u00e9roulent pendant tout le mois et les int\u00e9ress\u00e9s peuvent en profiter.<\/mark><\/p>\n\n<p><mark style=\"background-color:rgba(0, 0, 0, 0)\" class=\"has-inline-color has-red-color\">La langue fran\u00e7aise en chiffres :<br\/>321 millions de personnes dans le monde parlent fran\u00e7ais.<br\/>5\u00e8me langue la plus parl\u00e9e au monde.<br\/>93 millions d&rsquo;\u00e9l\u00e8ves et d&rsquo;\u00e9tudiants ont le fran\u00e7ais comme langue d&rsquo;enseignement.<br\/>4\u00e8me langue sur Internet.<br\/>51 millions de personnes apprennent le fran\u00e7ais.<\/mark><\/p>\n","protected":false},"excerpt":{"rendered":"<p>En mars, nous f\u00eatons la Francophonie ! Et pour l\u2019occasion, l\u2019Alliance Fran\u00e7aise Ji\u017en\u00ed \u010cechy vous propose plusieurs \u00e9v\u00e9nements, qui raviront les petits comme les grands !<\/p>\n","protected":false},"author":4,"featured_media":16759,"comment_status":"closed","ping_status":"closed","sticky":false,"template":"","format":"standard","meta":{"_acf_changed":false,"footnotes":""},"categories":[48],"tags":[104,112,107,101,102,549,550,109,110,100,111,108,99,103,105],"class_list":["post-16777","post","type-post","status-publish","format-standard","has-post-thumbnail","hentry","category-francophonie","tag-alliance-francaise-fr","tag-ceska-republika-fr","tag-dny-frankofonie-fr","tag-evenements-culturels-fr","tag-francophonie-fr","tag-francophonie-2025-fr","tag-francophonie-2025-fr-2","tag-francouzstina-fr","tag-frankofonie-fr","tag-journees-de-la-francophonie-fr","tag-kulturni-program-fr","tag-kulturni-udalosti-fr","tag-langue-francaise-fr","tag-programme-culturel-fr","tag-tchequie-fr"],"acf":[],"_links":{"self":[{"href":"https:\/\/www.alliancefrancaise.cz\/jiznicechy\/fr\/wp-json\/wp\/v2\/posts\/16777","targetHints":{"allow":["GET"]}}],"collection":[{"href":"https:\/\/www.alliancefrancaise.cz\/jiznicechy\/fr\/wp-json\/wp\/v2\/posts"}],"about":[{"href":"https:\/\/www.alliancefrancaise.cz\/jiznicechy\/fr\/wp-json\/wp\/v2\/types\/post"}],"author":[{"embeddable":true,"href":"https:\/\/www.alliancefrancaise.cz\/jiznicechy\/fr\/wp-json\/wp\/v2\/users\/4"}],"replies":[{"embeddable":true,"href":"https:\/\/www.alliancefrancaise.cz\/jiznicechy\/fr\/wp-json\/wp\/v2\/comments?post=16777"}],"version-history":[{"count":3,"href":"https:\/\/www.alliancefrancaise.cz\/jiznicechy\/fr\/wp-json\/wp\/v2\/posts\/16777\/revisions"}],"predecessor-version":[{"id":17326,"href":"https:\/\/www.alliancefrancaise.cz\/jiznicechy\/fr\/wp-json\/wp\/v2\/posts\/16777\/revisions\/17326"}],"wp:featuredmedia":[{"embeddable":true,"href":"https:\/\/www.alliancefrancaise.cz\/jiznicechy\/fr\/wp-json\/wp\/v2\/media\/16759"}],"wp:attachment":[{"href":"https:\/\/www.alliancefrancaise.cz\/jiznicechy\/fr\/wp-json\/wp\/v2\/media?parent=16777"}],"wp:term":[{"taxonomy":"category","embeddable":true,"href":"https:\/\/www.alliancefrancaise.cz\/jiznicechy\/fr\/wp-json\/wp\/v2\/categories?post=16777"},{"taxonomy":"post_tag","embeddable":true,"href":"https:\/\/www.alliancefrancaise.cz\/jiznicechy\/fr\/wp-json\/wp\/v2\/tags?post=16777"}],"curies":[{"name":"wp","href":"https:\/\/api.w.org\/{rel}","templated":true}]}}