{"id":16960,"date":"2025-04-22T15:33:40","date_gmt":"2025-04-22T13:33:40","guid":{"rendered":"https:\/\/www.alliancefrancaise.cz\/jiznicechy\/?p=16960"},"modified":"2025-04-22T15:39:58","modified_gmt":"2025-04-22T13:39:58","slug":"cine-club-les-crevettes-pailletees-2-2-2","status":"publish","type":"post","link":"https:\/\/www.alliancefrancaise.cz\/jiznicechy\/fr\/cine-club-les-crevettes-pailletees-2-2-2\/","title":{"rendered":"Cin\u00e9-club: Un vrai bonhomme"},"content":{"rendered":"\n<p>Tom, un adolescent timide et sensible, s\u2019appr\u00eate \u00e0 faire sa rentr\u00e9e dans un nouveau lyc\u00e9e. Pour l\u2019aider \u00e0 s\u2019int\u00e9grer, il peut compter sur les conseils de L\u00e9o, son grand fr\u00e8re et v\u00e9ritable mentor. L\u00e9o va s\u2019employer \u00e0 faire de Tom un mec, un vrai, mais son omnipr\u00e9sence va rapidement se transformer en une influence toxique. Tom va devoir batailler pour s\u2019affranchir de l\u2019emprise de L\u00e9o et trouver son propre chemin&#8230;   <\/p>\n\n<p><em>Un film de Benjamin Parent\u2022 2019\u2022 1h28\u2022 Fiction\u2022 Com\u00e9die dramatique, Fantastique, Jeune public et adulte.<br\/>avec Benjamin Voisin, Thomas Guy, Isabelle Carr\u00e9, Laurent Lucas<\/em><\/p>\n\n<ul class=\"wp-block-list\">\n<li><strong>Quand ?<\/strong> Jeudi 22 mai \u00e0 19h00<\/li>\n\n\n\n<li><strong>O\u00f9 ?<\/strong> Alliance Fran\u00e7aise Ji\u017en\u00ed \u010cechy &#8211; N\u00e1m\u011bst\u00ed P\u0159emysla Otakara II. 79\/21, \u010cesk\u00e9 Bud\u011bjovice<\/li>\n\n\n\n<li><strong>Langue ?<\/strong> version originale fran\u00e7aise, sous-titres tch\u00e8ques <\/li>\n\n\n\n<li><strong>Prix ?<\/strong> Gratuit<\/li>\n<\/ul>\n\n<p><\/p>\n\n<p><\/p>\n\n<p><\/p>\n\n<p><\/p>\n\n<p><\/p>\n\n<p><\/p>\n\n<p><\/p>\n\n<p><\/p>\n\n<p><\/p>\n\n<p><\/p>\n\n<p><\/p>\n\n<p><\/p>\n\n<p><\/p>\n","protected":false},"excerpt":{"rendered":"<p>Un film de Benjamin Parent\u2022 2019\u2022 1h28\u2022 Fiction\u2022 Com\u00e9die dramatique, Fantastique, Jeune public et adulte.<br \/>\navec Benjamin Voisin, Thomas Guy, Isabelle Carr\u00e9, Laurent Lucas<\/p>\n","protected":false},"author":4,"featured_media":16963,"comment_status":"closed","ping_status":"closed","sticky":false,"template":"","format":"standard","meta":{"_acf_changed":false,"footnotes":""},"categories":[53],"tags":[481,477,104,126,112,227,292,473,478,107,479,183,119,102,120,110,475,111,187,476,480,116,541,542],"class_list":["post-16960","post","type-post","status-publish","format-standard","has-post-thumbnail","hentry","category-cine-cine-club","tag-afjiznicechy-fr","tag-aliance-francouzstina-fr","tag-alliance-francaise-fr","tag-alliance-francaise-jizni-cechy-fr","tag-ceska-republika-fr","tag-ceske-budejovice-fr","tag-ceske-budejovice-3","tag-cine-club-fr-2","tag-decouverte-culturelle-fr","tag-dny-frankofonie-fr","tag-echange-culturel-fr","tag-evenement-culturel-fr","tag-francais-fr","tag-francophonie-fr","tag-francouzsku-fr","tag-frankofonie-fr","tag-kulturni-objevy-fr","tag-kulturni-program-fr","tag-kulturni-udalost-fr","tag-kulturni-vymena-fr","tag-programme-fr","tag-rencontre-fr","tag-un-vrai-bonhomme-fr","tag-un-vrai-bonhomme-fr-2"],"acf":[],"_links":{"self":[{"href":"https:\/\/www.alliancefrancaise.cz\/jiznicechy\/fr\/wp-json\/wp\/v2\/posts\/16960","targetHints":{"allow":["GET"]}}],"collection":[{"href":"https:\/\/www.alliancefrancaise.cz\/jiznicechy\/fr\/wp-json\/wp\/v2\/posts"}],"about":[{"href":"https:\/\/www.alliancefrancaise.cz\/jiznicechy\/fr\/wp-json\/wp\/v2\/types\/post"}],"author":[{"embeddable":true,"href":"https:\/\/www.alliancefrancaise.cz\/jiznicechy\/fr\/wp-json\/wp\/v2\/users\/4"}],"replies":[{"embeddable":true,"href":"https:\/\/www.alliancefrancaise.cz\/jiznicechy\/fr\/wp-json\/wp\/v2\/comments?post=16960"}],"version-history":[{"count":3,"href":"https:\/\/www.alliancefrancaise.cz\/jiznicechy\/fr\/wp-json\/wp\/v2\/posts\/16960\/revisions"}],"predecessor-version":[{"id":16967,"href":"https:\/\/www.alliancefrancaise.cz\/jiznicechy\/fr\/wp-json\/wp\/v2\/posts\/16960\/revisions\/16967"}],"wp:featuredmedia":[{"embeddable":true,"href":"https:\/\/www.alliancefrancaise.cz\/jiznicechy\/fr\/wp-json\/wp\/v2\/media\/16963"}],"wp:attachment":[{"href":"https:\/\/www.alliancefrancaise.cz\/jiznicechy\/fr\/wp-json\/wp\/v2\/media?parent=16960"}],"wp:term":[{"taxonomy":"category","embeddable":true,"href":"https:\/\/www.alliancefrancaise.cz\/jiznicechy\/fr\/wp-json\/wp\/v2\/categories?post=16960"},{"taxonomy":"post_tag","embeddable":true,"href":"https:\/\/www.alliancefrancaise.cz\/jiznicechy\/fr\/wp-json\/wp\/v2\/tags?post=16960"}],"curies":[{"name":"wp","href":"https:\/\/api.w.org\/{rel}","templated":true}]}}