{"id":17027,"date":"2025-08-15T14:02:58","date_gmt":"2025-08-15T12:02:58","guid":{"rendered":"https:\/\/www.alliancefrancaise.cz\/jiznicechy\/?p=17027"},"modified":"2025-09-17T09:50:30","modified_gmt":"2025-09-17T07:50:30","slug":"cine-club-les-crevettes-pailletees-2-2-2-2","status":"publish","type":"post","link":"https:\/\/www.alliancefrancaise.cz\/jiznicechy\/fr\/cine-club-les-crevettes-pailletees-2-2-2-2\/","title":{"rendered":"Cin\u00e9-club: Ast\u00e9rix et Ob\u00e9lix : Mission Cl\u00e9op\u00e2tre"},"content":{"rendered":"\n<p>Nous sommes en l&rsquo;an 52 avant J\u00e9sus-Christ. L&rsquo;\u00c9gypte de la c\u00e9l\u00e8bre Cl\u00e9op\u00e2tre est sous la domination de l&rsquo;Empire romain. Et pire encore, Cl\u00e9op\u00e2tre et C\u00e9sar sont amants. L&#8217;empereur, comme C\u00e9sar aime \u00e0 se faire appeler, ne peut toutefois s&#8217;emp\u00eacher de faire des remarques sarcastiques \u00e0 l&rsquo;adresse des \u00c9gyptiens. La souveraine irrit\u00e9e propose un pari dont les conditions sont les suivantes : si elle parvient \u00e0 construire un palais somptueux en trois mois, C\u00e9sar devra d\u00e9clarer publiquement que les \u00c9gyptiens sont le plus grand peuple de tous. Mais construire un palais en trois mois est une t\u00e2che presque impossible. Numerobis, l&rsquo;architecte charg\u00e9 de la construction, \u00ab a le choix \u00bb : soit il re\u00e7oit une g\u00e9n\u00e9reuse r\u00e9compense, soit il sert de d\u00eener \u00e0 un crocodile. Une telle situation appelle un miracle ! Et ce miracle, ce sont Ast\u00e9rix, Ob\u00e9lix et leur fid\u00e8le ami le druide Panoramix, le seul \u00e0 conna\u00eetre le secret de la fabrication de la potion magique. Mais trois Gaulois arm\u00e9s de leur potion magique suffiront-ils \u00e0 vaincre les puissantes troupes de C\u00e9sar et les intrigues malveillantes du rus\u00e9 Amonbofis ? Aideront-ils Numerobis \u00e0 achever son travail titanesque ? Ils devront faire preuve de toute leur ing\u00e9niosit\u00e9, leur courage, leur force et leur humour pour r\u00e9ussir \u00e0 construire le palais \u00e0 temps.<\/p>\n\n<p><em>Film<\/em> <em>Alain Chabat<\/em> <em>&#8211; 2002- 1h43- Aventure \/ Com\u00e9die \/ Famille \/ Fantastique<br\/>avec G\u00e9rard Depardieu, Christian Clavier, Jamel Debbouze, Monica Bellucci, Alain Chabat, Claude Rich, G\u00e9rard Darmon, Edouard Baer, Mouss Diouf, Marina Fo\u00efs<\/em><\/p>\n\n<ul class=\"wp-block-list\">\n<li><strong>Quand ?<\/strong> Jeudi 18 septembre \u00e0 19h00<\/li>\n\n\n\n<li><strong>O\u00f9 ?<\/strong> Alliance Fran\u00e7aise Ji\u017en\u00ed \u010cechy &#8211; N\u00e1m\u011bst\u00ed P\u0159emysla Otakara II. 79\/21, \u010cesk\u00e9 Bud\u011bjovice<\/li>\n\n\n\n<li><strong>Langue ?<\/strong> version originale fran\u00e7aise, sous-titres tch\u00e8ques <\/li>\n\n\n\n<li><strong>Prix ?<\/strong> Gratuit<\/li>\n<\/ul>\n\n<p><\/p>\n\n<p><\/p>\n\n<p><\/p>\n\n<p><\/p>\n\n<p><\/p>\n\n<p><\/p>\n\n<p><\/p>\n\n<p><\/p>\n\n<p><\/p>\n\n<p><\/p>\n\n<p><\/p>\n\n<p><\/p>\n\n<p><\/p>\n","protected":false},"excerpt":{"rendered":"<p>Un film de Benjamin Parent\u2022 2019\u2022 1h28\u2022 Fiction\u2022 Com\u00e9die dramatique, Fantastique, Jeune public et adulte.<br \/>\navec Benjamin Voisin, Thomas Guy, Isabelle Carr\u00e9, Laurent Lucas<\/p>\n","protected":false},"author":4,"featured_media":17030,"comment_status":"closed","ping_status":"closed","sticky":false,"template":"","format":"standard","meta":{"_acf_changed":false,"footnotes":""},"categories":[53],"tags":[481,477,104,126,547,112,227,292,473,478,107,479,183,119,102,120,110,475,111,187,476,548,480,116,542],"class_list":["post-17027","post","type-post","status-publish","format-standard","has-post-thumbnail","hentry","category-cine-cine-club","tag-afjiznicechy-fr","tag-aliance-francouzstina-fr","tag-alliance-francaise-fr","tag-alliance-francaise-jizni-cechy-fr","tag-asterix-et-obelix-fr","tag-ceska-republika-fr","tag-ceske-budejovice-fr","tag-ceske-budejovice-3","tag-cine-club-fr-2","tag-decouverte-culturelle-fr","tag-dny-frankofonie-fr","tag-echange-culturel-fr","tag-evenement-culturel-fr","tag-francais-fr","tag-francophonie-fr","tag-francouzsku-fr","tag-frankofonie-fr","tag-kulturni-objevy-fr","tag-kulturni-program-fr","tag-kulturni-udalost-fr","tag-kulturni-vymena-fr","tag-mission-cleopatre-fr","tag-programme-fr","tag-rencontre-fr","tag-un-vrai-bonhomme-fr-2"],"acf":[],"_links":{"self":[{"href":"https:\/\/www.alliancefrancaise.cz\/jiznicechy\/fr\/wp-json\/wp\/v2\/posts\/17027","targetHints":{"allow":["GET"]}}],"collection":[{"href":"https:\/\/www.alliancefrancaise.cz\/jiznicechy\/fr\/wp-json\/wp\/v2\/posts"}],"about":[{"href":"https:\/\/www.alliancefrancaise.cz\/jiznicechy\/fr\/wp-json\/wp\/v2\/types\/post"}],"author":[{"embeddable":true,"href":"https:\/\/www.alliancefrancaise.cz\/jiznicechy\/fr\/wp-json\/wp\/v2\/users\/4"}],"replies":[{"embeddable":true,"href":"https:\/\/www.alliancefrancaise.cz\/jiznicechy\/fr\/wp-json\/wp\/v2\/comments?post=17027"}],"version-history":[{"count":4,"href":"https:\/\/www.alliancefrancaise.cz\/jiznicechy\/fr\/wp-json\/wp\/v2\/posts\/17027\/revisions"}],"predecessor-version":[{"id":17349,"href":"https:\/\/www.alliancefrancaise.cz\/jiznicechy\/fr\/wp-json\/wp\/v2\/posts\/17027\/revisions\/17349"}],"wp:featuredmedia":[{"embeddable":true,"href":"https:\/\/www.alliancefrancaise.cz\/jiznicechy\/fr\/wp-json\/wp\/v2\/media\/17030"}],"wp:attachment":[{"href":"https:\/\/www.alliancefrancaise.cz\/jiznicechy\/fr\/wp-json\/wp\/v2\/media?parent=17027"}],"wp:term":[{"taxonomy":"category","embeddable":true,"href":"https:\/\/www.alliancefrancaise.cz\/jiznicechy\/fr\/wp-json\/wp\/v2\/categories?post=17027"},{"taxonomy":"post_tag","embeddable":true,"href":"https:\/\/www.alliancefrancaise.cz\/jiznicechy\/fr\/wp-json\/wp\/v2\/tags?post=17027"}],"curies":[{"name":"wp","href":"https:\/\/api.w.org\/{rel}","templated":true}]}}