{"id":17896,"date":"2026-01-06T17:03:58","date_gmt":"2026-01-06T16:03:58","guid":{"rendered":"https:\/\/www.alliancefrancaise.cz\/jiznicechy\/?p=17896"},"modified":"2026-03-30T13:46:40","modified_gmt":"2026-03-30T11:46:40","slug":"cine-club-les-crevettes-pailletees-2-2-2-2-2-2","status":"publish","type":"post","link":"https:\/\/www.alliancefrancaise.cz\/jiznicechy\/fr\/cine-club-les-crevettes-pailletees-2-2-2-2-2-2\/","title":{"rendered":"Cin\u00e9-club: Le R\u00e8gne animal"},"content":{"rendered":"\n<p>Dans un monde en proie \u00e0 une vague de mutations qui transforment peu \u00e0 peu certains humains en animaux, Fran\u00e7ois fait tout pour sauver sa femme, touch\u00e9e par ce mal myst\u00e9rieux. Alors que la r\u00e9gion se peuple de cr\u00e9atures d\u2019un nouveau genre, il embarque \u00c9mile, leur fils de 16 ans, dans une qu\u00eate qui bouleversera \u00e0 jamais leur existence. <\/p>\n\n<p>Le r\u00e8gne Animal &#8211; Film de Thoma Cailley (2023) &#8211; 128 min. &#8211; Science-fiction\/Aventure\/Drame<br\/>avec Romain Duris, Ad\u00e8le Exarchopoulos, Paul Kircher et Tom Mercier <\/p>\n\n<ul class=\"wp-block-list\">\n<li><strong>Quand ?<\/strong> Jeudi 29. Janvier \u00e0 19h00<\/li>\n\n\n\n<li><strong>O\u00f9 ?<\/strong> Alliance Fran\u00e7aise Ji\u017en\u00ed \u010cechy &#8211; N\u00e1m\u011bst\u00ed P\u0159emysla Otakara II. 79\/21, \u010cesk\u00e9 Bud\u011bjovice<\/li>\n\n\n\n<li><strong>Langue ?<\/strong> version originale fran\u00e7aise, sous-titres tch\u00e8ques <\/li>\n\n\n\n<li><strong>Prix ?<\/strong> Gratuit<\/li>\n<\/ul>\n\n<p><\/p>\n\n<p><\/p>\n\n<p><\/p>\n\n<p><\/p>\n\n<p><\/p>\n\n<p><\/p>\n\n<p><\/p>\n\n<p><\/p>\n\n<p><\/p>\n\n<p><\/p>\n\n<p><\/p>\n\n<p><\/p>\n\n<p><\/p>\n","protected":false},"excerpt":{"rendered":"<p>Un film de Thomas Cailley (2023) &#8211; 2h08 &#8211; Science fiction\/ Aventure \/ Drame<br \/>\nAvec Romain Duris, Ad\u00e8le Exarchopoulos, Paul Kircher, Tom Mercier <\/p>\n","protected":false},"author":4,"featured_media":17899,"comment_status":"closed","ping_status":"closed","sticky":false,"template":"","format":"standard","meta":{"_acf_changed":false,"footnotes":""},"categories":[53],"tags":[481,477,104,126,112,227,473,478,107,479,183,555,119,102,120,110,475,111,187,476,556,480,116,557],"class_list":["post-17896","post","type-post","status-publish","format-standard","has-post-thumbnail","hentry","category-cine-cine-club","tag-afjiznicechy-fr","tag-aliance-francouzstina-fr","tag-alliance-francaise-fr","tag-alliance-francaise-jizni-cechy-fr","tag-ceska-republika-fr","tag-ceske-budejovice-fr","tag-cine-club-fr-2","tag-decouverte-culturelle-fr","tag-dny-frankofonie-fr","tag-echange-culturel-fr","tag-evenement-culturel-fr","tag-film","tag-francais-fr","tag-francophonie-fr","tag-francouzsku-fr","tag-frankofonie-fr","tag-kulturni-objevy-fr","tag-kulturni-program-fr","tag-kulturni-udalost-fr","tag-kulturni-vymena-fr","tag-le-regne-animal","tag-programme-fr","tag-rencontre-fr","tag-rise-zvirat"],"acf":[],"_links":{"self":[{"href":"https:\/\/www.alliancefrancaise.cz\/jiznicechy\/fr\/wp-json\/wp\/v2\/posts\/17896","targetHints":{"allow":["GET"]}}],"collection":[{"href":"https:\/\/www.alliancefrancaise.cz\/jiznicechy\/fr\/wp-json\/wp\/v2\/posts"}],"about":[{"href":"https:\/\/www.alliancefrancaise.cz\/jiznicechy\/fr\/wp-json\/wp\/v2\/types\/post"}],"author":[{"embeddable":true,"href":"https:\/\/www.alliancefrancaise.cz\/jiznicechy\/fr\/wp-json\/wp\/v2\/users\/4"}],"replies":[{"embeddable":true,"href":"https:\/\/www.alliancefrancaise.cz\/jiznicechy\/fr\/wp-json\/wp\/v2\/comments?post=17896"}],"version-history":[{"count":6,"href":"https:\/\/www.alliancefrancaise.cz\/jiznicechy\/fr\/wp-json\/wp\/v2\/posts\/17896\/revisions"}],"predecessor-version":[{"id":18293,"href":"https:\/\/www.alliancefrancaise.cz\/jiznicechy\/fr\/wp-json\/wp\/v2\/posts\/17896\/revisions\/18293"}],"wp:featuredmedia":[{"embeddable":true,"href":"https:\/\/www.alliancefrancaise.cz\/jiznicechy\/fr\/wp-json\/wp\/v2\/media\/17899"}],"wp:attachment":[{"href":"https:\/\/www.alliancefrancaise.cz\/jiznicechy\/fr\/wp-json\/wp\/v2\/media?parent=17896"}],"wp:term":[{"taxonomy":"category","embeddable":true,"href":"https:\/\/www.alliancefrancaise.cz\/jiznicechy\/fr\/wp-json\/wp\/v2\/categories?post=17896"},{"taxonomy":"post_tag","embeddable":true,"href":"https:\/\/www.alliancefrancaise.cz\/jiznicechy\/fr\/wp-json\/wp\/v2\/tags?post=17896"}],"curies":[{"name":"wp","href":"https:\/\/api.w.org\/{rel}","templated":true}]}}