{"id":17983,"date":"2026-02-09T11:45:41","date_gmt":"2026-02-09T10:45:41","guid":{"rendered":"https:\/\/www.alliancefrancaise.cz\/jiznicechy\/?p=17983"},"modified":"2026-03-09T15:21:11","modified_gmt":"2026-03-09T14:21:11","slug":"cine-club-les-crevettes-pailletees-2-2-3","status":"publish","type":"post","link":"https:\/\/www.alliancefrancaise.cz\/jiznicechy\/fr\/cine-club-les-crevettes-pailletees-2-2-3\/","title":{"rendered":"Cin\u00e9-club : Allons Enfants"},"content":{"rendered":"\n<p><\/p>\n\n<p>Au c\u0153ur de la capitale, un lyc\u00e9e se lance dans une exp\u00e9rience audacieuse : int\u00e9grer des \u00e9l\u00e8ves issus de quartiers d\u00e9favoris\u00e9s et briser le cercle vicieux de l\u2019\u00e9chec scolaire gr\u00e2ce \u00e0 la danse hip-hop. \u00ab Allons enfants \u00bb raconte cette exp\u00e9rience unique en France. <\/p>\n\n<p><em>Film documentaire de Thierry Demaizi\u00e8re a Alban Teurlai &#8211; 2021 &#8211; 1h50 &#8211; Pour les jeunes et les adultes<\/em><\/p>\n\n<ul class=\"wp-block-list\">\n<li><strong>Quand ?<\/strong> Mercredi 18. mars \u00e0 19 heures<\/li>\n\n\n\n<li><strong>O\u00f9 ?<\/strong> Alliance Fran\u00e7aise Ji\u017en\u00ed \u010cechy &#8211; N\u00e1m\u011bst\u00ed P\u0159emysla Otakara II. 79\/21, \u010cesk\u00e9 Bud\u011bjovice<\/li>\n\n\n\n<li><strong>Langue ?<\/strong> Version Originale Fran\u00e7aise, sous-titres tch\u00e8ques<\/li>\n\n\n\n<li><strong>Prix ?<\/strong> Gratuit<\/li>\n<\/ul>\n\n<p><\/p>\n\n<p><\/p>\n\n<p><\/p>\n\n<p><\/p>\n\n<p><\/p>\n\n<p><\/p>\n\n<p><\/p>\n\n<p><\/p>\n\n<p><\/p>\n\n<p><\/p>\n\n<p><\/p>\n\n<p><\/p>\n\n<p><\/p>\n","protected":false},"excerpt":{"rendered":"<p>Film de Thierry Demaizi\u00e8re a Alban Teurlai &#8211; 2021 &#8211; 1h50 &#8211; Documentaire &#8211; Pour les jeunes et les adultes<\/p>\n","protected":false},"author":4,"featured_media":17981,"comment_status":"closed","ping_status":"closed","sticky":false,"template":"","format":"standard","meta":{"_acf_changed":false,"footnotes":""},"categories":[53,48],"tags":[565,472,468,89,123,558,97,45,130,469,92,470,175,58,87,59,95,466,96,179,467,564,562,471,42],"class_list":["post-17983","post","type-post","status-publish","format-standard","has-post-thumbnail","hentry","category-cine-cine-club","category-francophonie","tag-565","tag-afjiznicechy","tag-aliance-francouzstina","tag-alliance-francaise","tag-alliance-francaise-jizni-cechy","tag-allons-enfants","tag-ceska-republika","tag-ceske-budejovice","tag-cine-club","tag-decouverte-culturelle","tag-dny-frankofonie","tag-echange-culturel","tag-evenement-culturel","tag-francais","tag-francophonie","tag-francouzsku","tag-frankofonie","tag-kulturni-objevy","tag-kulturni-program","tag-kulturni-udalost","tag-kulturni-vymena","tag-pojdme-deti","tag-pojdmedeti","tag-programme","tag-rencontre"],"acf":[],"_links":{"self":[{"href":"https:\/\/www.alliancefrancaise.cz\/jiznicechy\/fr\/wp-json\/wp\/v2\/posts\/17983","targetHints":{"allow":["GET"]}}],"collection":[{"href":"https:\/\/www.alliancefrancaise.cz\/jiznicechy\/fr\/wp-json\/wp\/v2\/posts"}],"about":[{"href":"https:\/\/www.alliancefrancaise.cz\/jiznicechy\/fr\/wp-json\/wp\/v2\/types\/post"}],"author":[{"embeddable":true,"href":"https:\/\/www.alliancefrancaise.cz\/jiznicechy\/fr\/wp-json\/wp\/v2\/users\/4"}],"replies":[{"embeddable":true,"href":"https:\/\/www.alliancefrancaise.cz\/jiznicechy\/fr\/wp-json\/wp\/v2\/comments?post=17983"}],"version-history":[{"count":5,"href":"https:\/\/www.alliancefrancaise.cz\/jiznicechy\/fr\/wp-json\/wp\/v2\/posts\/17983\/revisions"}],"predecessor-version":[{"id":18249,"href":"https:\/\/www.alliancefrancaise.cz\/jiznicechy\/fr\/wp-json\/wp\/v2\/posts\/17983\/revisions\/18249"}],"wp:featuredmedia":[{"embeddable":true,"href":"https:\/\/www.alliancefrancaise.cz\/jiznicechy\/fr\/wp-json\/wp\/v2\/media\/17981"}],"wp:attachment":[{"href":"https:\/\/www.alliancefrancaise.cz\/jiznicechy\/fr\/wp-json\/wp\/v2\/media?parent=17983"}],"wp:term":[{"taxonomy":"category","embeddable":true,"href":"https:\/\/www.alliancefrancaise.cz\/jiznicechy\/fr\/wp-json\/wp\/v2\/categories?post=17983"},{"taxonomy":"post_tag","embeddable":true,"href":"https:\/\/www.alliancefrancaise.cz\/jiznicechy\/fr\/wp-json\/wp\/v2\/tags?post=17983"}],"curies":[{"name":"wp","href":"https:\/\/api.w.org\/{rel}","templated":true}]}}