{"id":18178,"date":"2026-02-17T13:05:35","date_gmt":"2026-02-17T12:05:35","guid":{"rendered":"https:\/\/www.alliancefrancaise.cz\/jiznicechy\/?p=18178"},"modified":"2026-03-09T15:59:05","modified_gmt":"2026-03-09T14:59:05","slug":"journees-de-la-francophonie-2024-2-2-2","status":"publish","type":"post","link":"https:\/\/www.alliancefrancaise.cz\/jiznicechy\/fr\/journees-de-la-francophonie-2024-2-2-2\/","title":{"rendered":"Journ\u00e9es de la Francophonie 2026"},"content":{"rendered":"\n<p>L\u2019Alliance Fran\u00e7aise est ravie de lancer l\u2019\u00e9dition 2026 de La Francophonie ! Rejoignez-nous tout au long du mois de mars pour c\u00e9l\u00e9brer la langue fran\u00e7aise sous toutes ses formes et voyager \u00e0 travers diff\u00e9rents pays et cultures. <\/p>\n\n<p>\ud83d\udcc5 Du 4. au 25. mars 2026  <\/p>\n\n<p>\ud83d\udccd Program : caf\u00e9 fran\u00e7ais, soir\u00e9es Liban et Qu\u00e9bec, cin\u00e9 club et bien d&rsquo;autres&#8230;<\/p>\n\n<p><strong>Inscriptions : <a href=\"https:\/\/forms.gle\/vnaQ7SYrDLPzB4yf6\" target=\"_blank\" rel=\"noopener\">https:\/\/forms.gle\/vnaQ7SYrDLPzB4yf6<\/a><\/strong><br\/>Ou envoyez un courriel avec vos nom et pr\u00e9nom ainsi que les activit\u00e9s auxquelles vous souhaitez participer : <a href=\"mailto:jiznicechy@alliancefrancaise.cz\" target=\"_blank\" rel=\"noreferrer noopener\">jiznicechy@alliancefrancaise.cz<\/a> <\/p>\n\n<p>Tous nos \u00e9v\u00e9nements sont ouverts \u00e0 tous, quel que soit votre niveau de langue. Notre objectif ? Vous faire d\u00e9couvrir la richesse de la culture francophone.  <\/p>\n\n<p><\/p>\n\n<h5 class=\"wp-block-heading\">Course d\u2019orientation<\/h5>\n\n<figure class=\"wp-block-image size-large is-resized\"><img loading=\"lazy\" decoding=\"async\" width=\"1360\" height=\"765\" src=\"https:\/\/www.alliancefrancaise.cz\/jiznicechy\/wp-content\/uploads\/2024\/02\/Course-orientation-CB-1360x765.png\" alt=\"\" class=\"wp-image-7314\" style=\"object-fit:cover;width:477px;height:auto\" srcset=\"https:\/\/www.alliancefrancaise.cz\/jiznicechy\/wp-content\/uploads\/2024\/02\/Course-orientation-CB-1360x765.png 1360w, https:\/\/www.alliancefrancaise.cz\/jiznicechy\/wp-content\/uploads\/2024\/02\/Course-orientation-CB-460x259.png 460w, https:\/\/www.alliancefrancaise.cz\/jiznicechy\/wp-content\/uploads\/2024\/02\/Course-orientation-CB-768x432.png 768w, https:\/\/www.alliancefrancaise.cz\/jiznicechy\/wp-content\/uploads\/2024\/02\/Course-orientation-CB.png 1920w\" sizes=\"auto, (max-width: 1360px) 100vw, 1360px\" \/><\/figure>\n\n<p>\ud83c\udfc3 L&rsquo;Alliance fran\u00e7aise propose \u00e9galement aux \u00e9tudiants Bigy une course d&rsquo;orientation au centre de \u010cesk\u00e9 Bud\u011bjovice. Le but ? \u00catre l\u2019\u00e9quipe la plus rapide en r\u00e9pondant correctement \u00e0 une s\u00e9rie de questions sur la Francophonie !<\/p>\n\n<p>Les Journ\u00e9es de la Francophonie sont l&rsquo;occasion id\u00e9ale de faire d\u00e9couvrir l&rsquo;Alliance Fran\u00e7aise aux plus jeunes ! Que ce soit dans votre classe ou dans nos locaux, contactez-nous pour organiser une visite ou des ateliers ludiques autour du fran\u00e7ais ! <\/p>\n\n<p>\ud83d\udce9 Contactez-nous d\u00e8s maintenant et prenez rendez-vous.<br\/><a href=\"Je souhaiterai organiser cette activit&#xE9; avec mes &#xE9;l&#xE8;ves\">Je souhaiterai organiser cette activit\u00e9 avec mes \u00e9l\u00e8ves<\/a><\/p>\n\n<h5 class=\"wp-block-heading\">Journ\u00e9e de la Francophonie \u00e0 Pisek<\/h5>\n\n<p>Les festivit\u00e9s s&rsquo;\u00e9tendent au-del\u00e0 des fronti\u00e8res de Bud\u011bjovice ! Nous exportons nos c\u00e9l\u00e9brations pour une journ\u00e9e sp\u00e9ciale au Gymn\u00e1zium P\u00edsek, o\u00f9 notre stagiaire qu\u00e9b\u00e9coise, Sarah Gauthier, pr\u00e9sentera le Qu\u00e9bec ! <\/p>\n\n<p><a href=\"Je souhaiterai organiser cette activit&#xE9; avec mes &#xE9;l&#xE8;ves\">Moi aussi, je voudrais organiser ces activit\u00e9s p\u00e9dagogiques avec mes \u00e9l\u00e8ves<\/a><\/p>\n\n<h5 class=\"wp-block-heading\">Caf\u00e9 fran\u00e7ais<\/h5>\n\n<p>\u2615 Commen\u00e7ons ce mois festif en toute simplicit\u00e9 ! Venez prendre un verre et discuter avec nous et d&rsquo;autres francophones du quartier. Aucun niveau requis, tout le monde est le bienvenu !  <\/p>\n\n<figure class=\"wp-block-image size-large is-resized\"><img loading=\"lazy\" decoding=\"async\" width=\"1360\" height=\"766\" src=\"https:\/\/www.alliancefrancaise.cz\/jiznicechy\/wp-content\/uploads\/2024\/02\/Cafe-francais-couv-FB-1360x766.png\" alt=\"Caf&#xE9; fran&#xE7;ais (couverture)\" class=\"wp-image-7063\" style=\"aspect-ratio:1.7777777777777777;object-fit:cover;width:476px;height:auto\" srcset=\"https:\/\/www.alliancefrancaise.cz\/jiznicechy\/wp-content\/uploads\/2024\/02\/Cafe-francais-couv-FB-1360x766.png 1360w, https:\/\/www.alliancefrancaise.cz\/jiznicechy\/wp-content\/uploads\/2024\/02\/Cafe-francais-couv-FB-460x259.png 460w, https:\/\/www.alliancefrancaise.cz\/jiznicechy\/wp-content\/uploads\/2024\/02\/Cafe-francais-couv-FB-768x433.png 768w, https:\/\/www.alliancefrancaise.cz\/jiznicechy\/wp-content\/uploads\/2024\/02\/Cafe-francais-couv-FB.png 1640w\" sizes=\"auto, (max-width: 1360px) 100vw, 1360px\" \/><\/figure>\n\n<p><strong>O\u00f9 ? <\/strong>&#8211; U V\u00e1s, Kn\u011b\u017esk\u00e1 357\/28, \u010cesk\u00e9 Bud\u011bjovice 1<br\/><strong>Quand ?<\/strong> &#8211; Mercredi 4 mars \u00e0 partir de 19h30 <\/p>\n\n<h5 class=\"wp-block-heading\"><strong>Atelier de danse<\/strong><\/h5>\n\n<p>\ud83d\udd7a\ud83d\udc83 Atelier de danse : que vous soyez d\u00e9butant ou danseur confirm\u00e9, venez danser ! Tout le monde est le bienvenu.  <\/p>\n\n<figure class=\"wp-block-image size-full is-resized\"><img loading=\"lazy\" decoding=\"async\" width=\"561\" height=\"319\" src=\"https:\/\/www.alliancefrancaise.cz\/jiznicechy\/wp-content\/uploads\/2026\/02\/image-8.png\" alt=\"\" class=\"wp-image-18187\" style=\"aspect-ratio:1.758657849620377;width:426px;height:auto\" srcset=\"https:\/\/www.alliancefrancaise.cz\/jiznicechy\/wp-content\/uploads\/2026\/02\/image-8.png 561w, https:\/\/www.alliancefrancaise.cz\/jiznicechy\/wp-content\/uploads\/2026\/02\/image-8-460x262.png 460w\" sizes=\"auto, (max-width: 561px) 100vw, 561px\" \/><\/figure>\n\n<p><strong>O\u00f9 ?<\/strong> A l&rsquo;Alliance Fran\u00e7aise Boh\u00eame du Sud \u2013 Place P\u0159emysl Otakar II. 79\/21, \u010cesk\u00e9 Bud\u011bjovice<br\/><strong>Quand ?<\/strong> Samedi 7. mars \u00e0 15h30 <br\/>Prix ? Gratuit  <strong>Inscription n\u00e9c\u00e9ssaire<\/strong><\/p>\n\n<h5 class=\"wp-block-heading\">Soir\u00e9e Libanaise<\/h5>\n\n<p>D\u00e9couvrez le Liban et sa culture, et go\u00fbtez aux sp\u00e9cialit\u00e9s culinaires libanaises pr\u00e9sent\u00e9es par Thierry Ghosh, un Libanais. Au menu : des mezz\u00e9s libanais typiques ! Venez d\u00e9guster du houmous ou du baba ganoush maison, ainsi que d\u2019autres saveurs \u00e0 d\u00e9couvrir. <\/p>\n\n<figure class=\"wp-block-image size-full is-resized\"><img loading=\"lazy\" decoding=\"async\" width=\"560\" height=\"317\" src=\"https:\/\/www.alliancefrancaise.cz\/jiznicechy\/wp-content\/uploads\/2026\/02\/image-9.png\" alt=\"\" class=\"wp-image-18189\" style=\"aspect-ratio:1.7666485926948292;width:417px;height:auto\" srcset=\"https:\/\/www.alliancefrancaise.cz\/jiznicechy\/wp-content\/uploads\/2026\/02\/image-9.png 560w, https:\/\/www.alliancefrancaise.cz\/jiznicechy\/wp-content\/uploads\/2026\/02\/image-9-460x260.png 460w\" sizes=\"auto, (max-width: 560px) 100vw, 560px\" \/><\/figure>\n\n<p><strong>O\u00f9 ?<\/strong> A l&rsquo;Alliance Fran\u00e7aise Boh\u00eame du Sud \u2013 Place P\u0159emysl Otakar II. 79\/21, \u010cesk\u00e9 Bud\u011bjovice<br\/><strong>Quand ?<\/strong> Jeudi 12 mars \u00e0 partir de 18h00 <br\/><strong>Prix ? <\/strong>200 Kc (150).  <strong>Inscription n\u00e9c\u00e9ssaire<\/strong><\/p>\n\n<h5 class=\"wp-block-heading\">Soir\u00e9e Qu\u00e9becoise<\/h5>\n\n<p>Notre stagiaire qu\u00e9b\u00e9coise, Sarah Gauthier, vous fera d\u00e9couvrir le Qu\u00e9bec et sa culture. Ce sera l&rsquo;occasion de voyager \u00e0 l&rsquo;autre bout du monde le temps d&rsquo;une soir\u00e9e ! <\/p>\n\n<figure class=\"wp-block-image size-full is-resized\"><img loading=\"lazy\" decoding=\"async\" width=\"561\" height=\"315\" src=\"https:\/\/www.alliancefrancaise.cz\/jiznicechy\/wp-content\/uploads\/2026\/02\/image-10.png\" alt=\"\" class=\"wp-image-18192\" style=\"aspect-ratio:1.7810794721698582;width:415px;height:auto\" srcset=\"https:\/\/www.alliancefrancaise.cz\/jiznicechy\/wp-content\/uploads\/2026\/02\/image-10.png 561w, https:\/\/www.alliancefrancaise.cz\/jiznicechy\/wp-content\/uploads\/2026\/02\/image-10-460x258.png 460w\" sizes=\"auto, (max-width: 561px) 100vw, 561px\" \/><\/figure>\n\n<p><strong>O\u00f9 ?<\/strong> A l&rsquo;Alliance Fran\u00e7aise Boh\u00eame du Sud \u2013 Place P\u0159emysl Otakar II. 79\/21, \u010cesk\u00e9 Bud\u011bjovice<br\/><strong>Quand ?<\/strong> Mardi 17 mars \u00e0 partir de 17h30 <br\/>Entr\u00e9e et pr\u00e9sentation ? Gratuit, Inscription requise.<br\/>(Optionnel : d\u00e9gustation de sp\u00e9cialit\u00e9s : 60 CZK (40)) <\/p>\n\n<h5 class=\"wp-block-heading\">Cin\u00e9 club \u00abAllons Enfants \u00bb<\/h5>\n\n<p>\ud83c\udfac Quoi de mieux qu&rsquo;un film sur la jeunesse, la diversit\u00e9 et la danse pour c\u00e9l\u00e9brer la France d&rsquo;aujourd&rsquo;hui ? \u2192 Allons Enfants (2021) de Thierry Demaizi\u00e8re et Alban Teurlai. <\/p>\n\n<figure class=\"wp-block-image size-full is-resized\"><img loading=\"lazy\" decoding=\"async\" width=\"592\" height=\"338\" src=\"https:\/\/www.alliancefrancaise.cz\/jiznicechy\/wp-content\/uploads\/2026\/02\/image-14.png\" alt=\"\" class=\"wp-image-18213\" style=\"aspect-ratio:1.7515140307891452;width:510px;height:auto\" srcset=\"https:\/\/www.alliancefrancaise.cz\/jiznicechy\/wp-content\/uploads\/2026\/02\/image-14.png 592w, https:\/\/www.alliancefrancaise.cz\/jiznicechy\/wp-content\/uploads\/2026\/02\/image-14-460x263.png 460w\" sizes=\"auto, (max-width: 592px) 100vw, 592px\" \/><\/figure>\n\n<p><strong>O\u00f9 ?<\/strong> A l&rsquo;Alliance Fran\u00e7aise Boh\u00eame du Sud \u2013 Place P\u0159emysl Otakar II. 79\/21, \u010cesk\u00e9 Bud\u011bjovice<br\/><strong>Quand ?<\/strong> Mercredi 18 mars \u00e0 19h00<br\/><strong>Prix ?<\/strong> Gratuit<br\/>Audio : FR \/<strong> Sous-titres <\/strong>: CZ || Avec le soutien d&rsquo;IFCin\u00e9ma<br\/>Synopsis : Au c\u0153ur de Paris, un lyc\u00e9e se lance dans une aventure folle : briser le cercle vicieux de l&rsquo;\u00e9chec scolaire gr\u00e2ce \u00e0 la danse hip-hop. D\u00e9couvrez l&rsquo;histoire de cette exp\u00e9rience unique. <\/p>\n\n<h5 class=\"wp-block-heading\">Karaok\u00e9<\/h5>\n\n<p>\ud83c\udfa4 Venez chanter Stromae ou Edith Piaf. Personne ne jugera votre accent ni votre voix \ud83d\ude42 <\/p>\n\n<figure class=\"wp-block-image size-full is-resized\"><img loading=\"lazy\" decoding=\"async\" width=\"482\" height=\"272\" src=\"https:\/\/www.alliancefrancaise.cz\/jiznicechy\/wp-content\/uploads\/2026\/02\/image-15.png\" alt=\"\" class=\"wp-image-18239\" style=\"aspect-ratio:1.7721031768828632;width:417px;height:auto\" srcset=\"https:\/\/www.alliancefrancaise.cz\/jiznicechy\/wp-content\/uploads\/2026\/02\/image-15.png 482w, https:\/\/www.alliancefrancaise.cz\/jiznicechy\/wp-content\/uploads\/2026\/02\/image-15-460x260.png 460w\" sizes=\"auto, (max-width: 482px) 100vw, 482px\" \/><\/figure>\n\n<p><strong>O\u00f9 ?<\/strong> Camino Bar, Piaristick\u00e1 22\/8, 370 01 \u010cesk\u00e9 Bud\u011bjovice 1<br\/><strong>Quand ?<\/strong> Vendredi 20. mars \u00e0 19h30<br\/>Prix ? Gratuit<\/p>\n\n<h5 class=\"wp-block-heading\">Sip &amp; Paint<\/h5>\n\n<p>\ud83c\udf77\ud83c\udfa8 Quoi de plus fran\u00e7ais que de boire et de peindre ? Laissez libre cours \u00e0 votre cr\u00e9ativit\u00e9 ! Tous les niveaux sont les bienvenus ; l&rsquo;important, c&rsquo;est de s&rsquo;amuser.  <\/p>\n\n<figure class=\"wp-block-image size-full is-resized\"><img loading=\"lazy\" decoding=\"async\" width=\"559\" height=\"317\" src=\"https:\/\/www.alliancefrancaise.cz\/jiznicechy\/wp-content\/uploads\/2026\/02\/image-11.png\" alt=\"\" class=\"wp-image-18194\" style=\"aspect-ratio:1.7635314995563443;width:413px;height:auto\" srcset=\"https:\/\/www.alliancefrancaise.cz\/jiznicechy\/wp-content\/uploads\/2026\/02\/image-11.png 559w, https:\/\/www.alliancefrancaise.cz\/jiznicechy\/wp-content\/uploads\/2026\/02\/image-11-460x261.png 460w\" sizes=\"auto, (max-width: 559px) 100vw, 559px\" \/><\/figure>\n\n<p><strong>O\u00f9 ?<\/strong> A l&rsquo;Alliance Fran\u00e7aise Boh\u00eame du Sud \u2013 Place P\u0159emysl Otakar II. 79\/21, \u010cesk\u00e9 Bud\u011bjovice<br\/><strong>Quand ?<\/strong> Mercredi 25 mars \u00e0 18h00 <br\/><strong>Prix ? <\/strong>200 Kc (150).  <strong>Inscription n\u00e9c\u00e9ssaire<\/strong><\/p>\n\n<p><\/p>\n\n<h5 class=\"wp-block-heading\"><strong>Un ou plusieurs \u00e9v\u00e9nements vous int\u00e9ressent ? <\/strong><\/h5>\n\n<p><strong>Veuillez envoyer votre courriel \u00e0 l&rsquo;adresse suivante : jiznicechy@alliancefrancaise.cz<\/strong><\/p>\n\n<p><\/p>\n\n<p class=\"has-red-color has-text-color has-link-color wp-elements-134168a4da74d897d2a59b64f2bce6d3\">N\u2019h\u00e9sitez pas et venez f\u00eater la Francophonie avec nous !<br\/>La Francophonie, c\u2019est quoi ? <br\/>Les journ\u00e9es de la francophonie sont c\u00e9l\u00e9br\u00e9es annuellement par 300 millions de francophones \u00e0 travers les continents. La Journ\u00e9e internationale de la francophonie tombe le 20 mars, des \u00e9v\u00e9nements c\u00e9l\u00e9brant la francophonie proposeront aux personnes int\u00e9ress\u00e9es un programme riche et vari\u00e9 !<br\/>Le fran\u00e7ais en chiffres :<br\/>321 millions de personnes dans le monde parlent fran\u00e7ais. C\u2019est la 5e langue la plus parl\u00e9e au monde.  4. Langue sur Internet<br\/>93 millions d&rsquo;\u00e9l\u00e8ves et d&rsquo;\u00e9tudiants ont le fran\u00e7ais comme langue d&rsquo;enseignement. 51 millions de personnes apprennent le fran\u00e7ais<\/p>\n\n<p class=\"has-red-color has-text-color has-link-color wp-elements-d06d5a361f4d9099dbf59ba1f34b1312\">Pourquoi pas vous ?<\/p>\n\n<p><em>(-Kc) : prix pour les \u00e9l\u00e8ves\/membres de l&rsquo;Alliance Fran\u00e7aise<\/em><\/p>\n\n<p><\/p>\n","protected":false},"excerpt":{"rendered":"<p>En mars, nous f\u00eatons la Francophonie ! Et pour l\u2019occasion, l\u2019Alliance Fran\u00e7aise Ji\u017en\u00ed \u010cechy vous propose plusieurs \u00e9v\u00e9nements, qui raviront les petits comme les grands !<\/p>\n","protected":false},"author":4,"featured_media":18093,"comment_status":"closed","ping_status":"closed","sticky":false,"template":"","format":"standard","meta":{"_acf_changed":false,"footnotes":""},"categories":[47,48],"tags":[568,104,112,107,101,102,549,570,109,110,569,100,111,108,99,103,105],"class_list":["post-18178","post","type-post","status-publish","format-standard","has-post-thumbnail","hentry","category-actualites","category-francophonie","tag-568","tag-alliance-francaise-fr","tag-ceska-republika-fr","tag-dny-frankofonie-fr","tag-evenements-culturels-fr","tag-francophonie-fr","tag-francophonie-2025-fr","tag-francophonie-2026","tag-francouzstina-fr","tag-frankofonie-fr","tag-frankofonie-2026","tag-journees-de-la-francophonie-fr","tag-kulturni-program-fr","tag-kulturni-udalosti-fr","tag-langue-francaise-fr","tag-programme-culturel-fr","tag-tchequie-fr"],"acf":[],"_links":{"self":[{"href":"https:\/\/www.alliancefrancaise.cz\/jiznicechy\/fr\/wp-json\/wp\/v2\/posts\/18178","targetHints":{"allow":["GET"]}}],"collection":[{"href":"https:\/\/www.alliancefrancaise.cz\/jiznicechy\/fr\/wp-json\/wp\/v2\/posts"}],"about":[{"href":"https:\/\/www.alliancefrancaise.cz\/jiznicechy\/fr\/wp-json\/wp\/v2\/types\/post"}],"author":[{"embeddable":true,"href":"https:\/\/www.alliancefrancaise.cz\/jiznicechy\/fr\/wp-json\/wp\/v2\/users\/4"}],"replies":[{"embeddable":true,"href":"https:\/\/www.alliancefrancaise.cz\/jiznicechy\/fr\/wp-json\/wp\/v2\/comments?post=18178"}],"version-history":[{"count":6,"href":"https:\/\/www.alliancefrancaise.cz\/jiznicechy\/fr\/wp-json\/wp\/v2\/posts\/18178\/revisions"}],"predecessor-version":[{"id":18253,"href":"https:\/\/www.alliancefrancaise.cz\/jiznicechy\/fr\/wp-json\/wp\/v2\/posts\/18178\/revisions\/18253"}],"wp:featuredmedia":[{"embeddable":true,"href":"https:\/\/www.alliancefrancaise.cz\/jiznicechy\/fr\/wp-json\/wp\/v2\/media\/18093"}],"wp:attachment":[{"href":"https:\/\/www.alliancefrancaise.cz\/jiznicechy\/fr\/wp-json\/wp\/v2\/media?parent=18178"}],"wp:term":[{"taxonomy":"category","embeddable":true,"href":"https:\/\/www.alliancefrancaise.cz\/jiznicechy\/fr\/wp-json\/wp\/v2\/categories?post=18178"},{"taxonomy":"post_tag","embeddable":true,"href":"https:\/\/www.alliancefrancaise.cz\/jiznicechy\/fr\/wp-json\/wp\/v2\/tags?post=18178"}],"curies":[{"name":"wp","href":"https:\/\/api.w.org\/{rel}","templated":true}]}}