{"id":18296,"date":"2026-03-30T13:55:54","date_gmt":"2026-03-30T11:55:54","guid":{"rendered":"https:\/\/www.alliancefrancaise.cz\/jiznicechy\/?p=18296"},"modified":"2026-03-31T10:00:44","modified_gmt":"2026-03-31T08:00:44","slug":"cine-club-les-crevettes-pailletees-2-2-3-2","status":"publish","type":"post","link":"https:\/\/www.alliancefrancaise.cz\/jiznicechy\/fr\/cine-club-les-crevettes-pailletees-2-2-3-2\/","title":{"rendered":"Film : Tous Toqu\u00e9s"},"content":{"rendered":"\n<p><\/p>\n\n<p>\u00c0 l&rsquo;occasion de la Journ\u00e9e nationale du cin\u00e9ma canadien, nous vous invitons le 15 avril \u00e0 la projection d&rsquo;une com\u00e9die qu\u00e9b\u00e9coise : \u00ab Tous Toqu\u00e9s \u00bb. Avant la projection, Sarah Gauthier, notre stagiaire originaire du Qu\u00e9bec, vous proposera une br\u00e8ve pr\u00e9sentation. Vous vous sentirez comme de vrais Qu\u00e9b\u00e9cois \u2013 au moins pour une soir\u00e9e !   <\/p>\n\n<p><em>Comedie &#8211; Manon Briand &#8211; 2024 &#8211; 1h30<\/em><\/p>\n\n<ul class=\"wp-block-list\">\n<li><strong>Quand ?<\/strong> Mercredi 15. avril, 18:00 pr\u00e9sentation, 19:00 film<\/li>\n\n\n\n<li><strong>O\u00f9 ?<\/strong> Alliance Fran\u00e7aise Ji\u017en\u00ed \u010cechy &#8211; N\u00e1m\u011bst\u00ed P\u0159emysla Otakara II. 79\/21, \u010cesk\u00e9 Bud\u011bjovice<\/li>\n\n\n\n<li><strong>Langue ?<\/strong> Version originale fran\u00e7aise \/\/ Sous-titres : anglais<\/li>\n\n\n\n<li><strong>Prix ?<\/strong> Gratuit<\/li>\n<\/ul>\n\n<p><\/p>\n\n<p><\/p>\n\n<p><\/p>\n\n<p><\/p>\n\n<p><\/p>\n\n<p><\/p>\n\n<p><\/p>\n\n<p><\/p>\n\n<p><\/p>\n\n<p><\/p>\n\n<p><\/p>\n\n<p><\/p>\n\n<p><\/p>\n","protected":false},"excerpt":{"rendered":"<p>Comedie &#8211; Manon Briand &#8211; 2024 &#8211; 1h30<\/p>\n","protected":false},"author":4,"featured_media":18299,"comment_status":"closed","ping_status":"closed","sticky":false,"template":"","format":"standard","meta":{"_acf_changed":false,"footnotes":""},"categories":[53],"tags":[568,481,477,104,126,571,112,227,151,478,479,183,119,476,480,116],"class_list":["post-18296","post","type-post","status-publish","format-standard","has-post-thumbnail","hentry","category-cine-cine-club","tag-568","tag-afjiznicechy-fr","tag-aliance-francouzstina-fr","tag-alliance-francaise-fr","tag-alliance-francaise-jizni-cechy-fr","tag-allons-enfants","tag-ceska-republika-fr","tag-ceske-budejovice-fr","tag-cine-club-fr","tag-decouverte-culturelle-fr","tag-echange-culturel-fr","tag-evenement-culturel-fr","tag-francais-fr","tag-kulturni-vymena-fr","tag-programme-fr","tag-rencontre-fr"],"acf":[],"_links":{"self":[{"href":"https:\/\/www.alliancefrancaise.cz\/jiznicechy\/fr\/wp-json\/wp\/v2\/posts\/18296","targetHints":{"allow":["GET"]}}],"collection":[{"href":"https:\/\/www.alliancefrancaise.cz\/jiznicechy\/fr\/wp-json\/wp\/v2\/posts"}],"about":[{"href":"https:\/\/www.alliancefrancaise.cz\/jiznicechy\/fr\/wp-json\/wp\/v2\/types\/post"}],"author":[{"embeddable":true,"href":"https:\/\/www.alliancefrancaise.cz\/jiznicechy\/fr\/wp-json\/wp\/v2\/users\/4"}],"replies":[{"embeddable":true,"href":"https:\/\/www.alliancefrancaise.cz\/jiznicechy\/fr\/wp-json\/wp\/v2\/comments?post=18296"}],"version-history":[{"count":4,"href":"https:\/\/www.alliancefrancaise.cz\/jiznicechy\/fr\/wp-json\/wp\/v2\/posts\/18296\/revisions"}],"predecessor-version":[{"id":18312,"href":"https:\/\/www.alliancefrancaise.cz\/jiznicechy\/fr\/wp-json\/wp\/v2\/posts\/18296\/revisions\/18312"}],"wp:featuredmedia":[{"embeddable":true,"href":"https:\/\/www.alliancefrancaise.cz\/jiznicechy\/fr\/wp-json\/wp\/v2\/media\/18299"}],"wp:attachment":[{"href":"https:\/\/www.alliancefrancaise.cz\/jiznicechy\/fr\/wp-json\/wp\/v2\/media?parent=18296"}],"wp:term":[{"taxonomy":"category","embeddable":true,"href":"https:\/\/www.alliancefrancaise.cz\/jiznicechy\/fr\/wp-json\/wp\/v2\/categories?post=18296"},{"taxonomy":"post_tag","embeddable":true,"href":"https:\/\/www.alliancefrancaise.cz\/jiznicechy\/fr\/wp-json\/wp\/v2\/tags?post=18296"}],"curies":[{"name":"wp","href":"https:\/\/api.w.org\/{rel}","templated":true}]}}