{"id":6843,"date":"2023-06-15T09:29:11","date_gmt":"2023-06-15T07:29:11","guid":{"rendered":"https:\/\/www.alliancefrancaise.cz\/jiznicechy\/cafe-francais\/"},"modified":"2024-02-06T15:43:42","modified_gmt":"2024-02-06T14:43:42","slug":"cafe-francais","status":"publish","type":"post","link":"https:\/\/www.alliancefrancaise.cz\/jiznicechy\/fr\/cafe-francais\/","title":{"rendered":"Caf\u00e9 fran\u00e7ais"},"content":{"rendered":"\n<p>P\u0159ipojte se k n\u00e1m! Rendez-vous pour partager un moment convivial en compagnie d\u2019autres francophones de la r\u00e9gion !<\/p>\n\n<p>Venez prendre un caf\u00e9 ou un verre de vin ! Chaque premier mercredi du mois \u00e0 partir de 19h30, venez partager un moment convivial en compagnie d\u2019autres francophones de la r\u00e9gion et discuter de l\u2019actualit\u00e9 en fran\u00e7ais.<\/p>\n\n<p><strong>O\u00f9 ? <\/strong>&#8211; U V\u00e1s, Kn\u011b\u017esk\u00e1 357\/28, \u010cesk\u00e9 Bud\u011bjovice 1, 370 01 \u010cesk\u00e9 Bud\u011bjovice<br\/><strong>Quand ?<\/strong> &#8211; Le premier mercredi du mois, \u00e0 partir de 19h30<\/p>\n","protected":false},"excerpt":{"rendered":"<p>Rejoignez-nous ! Rendez-vous pour partager un moment convivial en compagnie d\u2019autres francophones de la r\u00e9gion !<\/p>\n","protected":false},"author":1,"featured_media":6840,"comment_status":"closed","ping_status":"closed","sticky":false,"template":"","format":"standard","meta":{"_acf_changed":false,"footnotes":""},"categories":[47,56],"tags":[],"class_list":["post-6843","post","type-post","status-publish","format-standard","has-post-thumbnail","hentry","category-actualites","category-cafe-francais"],"acf":[],"_links":{"self":[{"href":"https:\/\/www.alliancefrancaise.cz\/jiznicechy\/fr\/wp-json\/wp\/v2\/posts\/6843","targetHints":{"allow":["GET"]}}],"collection":[{"href":"https:\/\/www.alliancefrancaise.cz\/jiznicechy\/fr\/wp-json\/wp\/v2\/posts"}],"about":[{"href":"https:\/\/www.alliancefrancaise.cz\/jiznicechy\/fr\/wp-json\/wp\/v2\/types\/post"}],"author":[{"embeddable":true,"href":"https:\/\/www.alliancefrancaise.cz\/jiznicechy\/fr\/wp-json\/wp\/v2\/users\/1"}],"replies":[{"embeddable":true,"href":"https:\/\/www.alliancefrancaise.cz\/jiznicechy\/fr\/wp-json\/wp\/v2\/comments?post=6843"}],"version-history":[{"count":1,"href":"https:\/\/www.alliancefrancaise.cz\/jiznicechy\/fr\/wp-json\/wp\/v2\/posts\/6843\/revisions"}],"predecessor-version":[{"id":6844,"href":"https:\/\/www.alliancefrancaise.cz\/jiznicechy\/fr\/wp-json\/wp\/v2\/posts\/6843\/revisions\/6844"}],"wp:featuredmedia":[{"embeddable":true,"href":"https:\/\/www.alliancefrancaise.cz\/jiznicechy\/fr\/wp-json\/wp\/v2\/media\/6840"}],"wp:attachment":[{"href":"https:\/\/www.alliancefrancaise.cz\/jiznicechy\/fr\/wp-json\/wp\/v2\/media?parent=6843"}],"wp:term":[{"taxonomy":"category","embeddable":true,"href":"https:\/\/www.alliancefrancaise.cz\/jiznicechy\/fr\/wp-json\/wp\/v2\/categories?post=6843"},{"taxonomy":"post_tag","embeddable":true,"href":"https:\/\/www.alliancefrancaise.cz\/jiznicechy\/fr\/wp-json\/wp\/v2\/tags?post=6843"}],"curies":[{"name":"wp","href":"https:\/\/api.w.org\/{rel}","templated":true}]}}