{"id":7286,"date":"2024-02-22T19:25:19","date_gmt":"2024-02-22T18:25:19","guid":{"rendered":"https:\/\/www.alliancefrancaise.cz\/jiznicechy\/journees-de-la-francophonie-2024\/"},"modified":"2024-02-22T15:48:14","modified_gmt":"2024-02-22T14:48:14","slug":"journees-de-la-francophonie-2024","status":"publish","type":"post","link":"https:\/\/www.alliancefrancaise.cz\/jiznicechy\/fr\/journees-de-la-francophonie-2024\/","title":{"rendered":"Journ\u00e9es de la francophonie 2024"},"content":{"rendered":"\n<p>En mars, nous f\u00eatons la Francophonie ! Et pour l\u2019occasion, l\u2019Alliance Fran\u00e7aise Ji\u017en\u00ed \u010cechy vous propose plusieurs \u00e9v\u00e9nements, qui raviront les petits comme les grands !<\/p>\n\n<h5 class=\"wp-block-heading\">Course d\u2019orientation<\/h5>\n\n<figure class=\"wp-block-image size-large is-resized\"><img loading=\"lazy\" decoding=\"async\" width=\"1360\" height=\"765\" src=\"https:\/\/www.alliancefrancaise.cz\/jiznicechy\/wp-content\/uploads\/2024\/02\/Course-orientation-CB-1360x765.png\" alt=\"\" class=\"wp-image-7314\" style=\"object-fit:cover;width:477px;height:auto\" srcset=\"https:\/\/www.alliancefrancaise.cz\/jiznicechy\/wp-content\/uploads\/2024\/02\/Course-orientation-CB-1360x765.png 1360w, https:\/\/www.alliancefrancaise.cz\/jiznicechy\/wp-content\/uploads\/2024\/02\/Course-orientation-CB-460x259.png 460w, https:\/\/www.alliancefrancaise.cz\/jiznicechy\/wp-content\/uploads\/2024\/02\/Course-orientation-CB-768x432.png 768w, https:\/\/www.alliancefrancaise.cz\/jiznicechy\/wp-content\/uploads\/2024\/02\/Course-orientation-CB.png 1920w\" sizes=\"auto, (max-width: 1360px) 100vw, 1360px\" \/><\/figure>\n\n<p>L\u2019Alliance fran\u00e7aise propose \u00e9galement aux \u00e9l\u00e8ves de Bigy une course d\u2019orientation dans le centre-ville de \u010cesk\u00e9 Bud\u011bjovice. Le but ? \u00catre l\u2019\u00e9quipe la plus rapide en r\u00e9pondant correctement \u00e0 une s\u00e9rie de questions sur la Francophonie !<br\/><a href=\"https:\/\/www.alliancefrancaise.cz\/jiznicechy\/-Pour-les-ecoles-\">Moi aussi, je voudrais organiser ces activit\u00e9s p\u00e9dagogiques avec mes \u00e9l\u00e8ves<\/a><\/p>\n\n<h5 class=\"wp-block-heading\">Caf\u00e9 fran\u00e7ais<\/h5>\n\n<p><strong>O\u00f9 ? <\/strong>&#8211; U V\u00e1s, Kn\u011b\u017esk\u00e1 357\/28, \u010cesk\u00e9 Bud\u011bjovice 1, 370 01 \u010cesk\u00e9 Bud\u011bjovice<br\/><strong>Quand ?<\/strong> &#8211; Mercredi 6 mars \u00e0 partir de 19h30<\/p>\n\n<figure class=\"wp-block-image size-large is-resized\"><img loading=\"lazy\" decoding=\"async\" width=\"1360\" height=\"766\" src=\"https:\/\/www.alliancefrancaise.cz\/jiznicechy\/wp-content\/uploads\/2024\/02\/Cafe-francais-couv-FB-1360x766.png\" alt=\"Caf&#xE9; fran&#xE7;ais (couverture)\" class=\"wp-image-7063\" style=\"aspect-ratio:1.7777777777777777;object-fit:cover;width:476px;height:auto\" srcset=\"https:\/\/www.alliancefrancaise.cz\/jiznicechy\/wp-content\/uploads\/2024\/02\/Cafe-francais-couv-FB-1360x766.png 1360w, https:\/\/www.alliancefrancaise.cz\/jiznicechy\/wp-content\/uploads\/2024\/02\/Cafe-francais-couv-FB-460x259.png 460w, https:\/\/www.alliancefrancaise.cz\/jiznicechy\/wp-content\/uploads\/2024\/02\/Cafe-francais-couv-FB-768x433.png 768w, https:\/\/www.alliancefrancaise.cz\/jiznicechy\/wp-content\/uploads\/2024\/02\/Cafe-francais-couv-FB.png 1640w\" sizes=\"auto, (max-width: 1360px) 100vw, 1360px\" \/><\/figure>\n\n<p><br\/>Rejoignez-nous ! Venez partager un moment convivial en compagnie d\u2019autres francophones de la r\u00e9gion et discuter de l\u2019actualit\u00e9 en fran\u00e7ais.<\/p>\n\n<h5 class=\"wp-block-heading\">Soir\u00e9e s\u00e9n\u00e9galaise<\/h5>\n\n<p><strong>O\u00f9 ?<\/strong> Alliance Fran\u00e7aise Ji\u017en\u00ed \u010cechy<br\/><strong>Quand ?<\/strong> Lundi 18 mars \u00e0 18h30<\/p>\n\n<figure class=\"wp-block-image size-large is-resized\"><img loading=\"lazy\" decoding=\"async\" width=\"1360\" height=\"765\" src=\"https:\/\/www.alliancefrancaise.cz\/jiznicechy\/wp-content\/uploads\/2024\/02\/Soiree-Senegal-1360x765.png\" alt=\"\" class=\"wp-image-7292\" style=\"object-fit:cover;width:476px;height:auto\" srcset=\"https:\/\/www.alliancefrancaise.cz\/jiznicechy\/wp-content\/uploads\/2024\/02\/Soiree-Senegal-1360x765.png 1360w, https:\/\/www.alliancefrancaise.cz\/jiznicechy\/wp-content\/uploads\/2024\/02\/Soiree-Senegal-460x259.png 460w, https:\/\/www.alliancefrancaise.cz\/jiznicechy\/wp-content\/uploads\/2024\/02\/Soiree-Senegal-768x432.png 768w, https:\/\/www.alliancefrancaise.cz\/jiznicechy\/wp-content\/uploads\/2024\/02\/Soiree-Senegal.png 1920w\" sizes=\"auto, (max-width: 1360px) 100vw, 1360px\" \/><\/figure>\n\n<p><br\/>Le S\u00e9n\u00e9gal est un pays unique dans le monde francophone. Terre cosmopolite d\u2019Afrique de l\u2019Ouest &#8211; bord\u00e9e par l\u2019Oc\u00e9an Atlantique &#8211; elle tient une place importante dans l\u2019histoire du continent africain. Point de non-retour pour les esclaves d\u00e9port\u00e9s, capitale de l\u2019Afrique-Occidentale fran\u00e7aise au temps de la colonisation par la France ou encore d\u00e9mocratie intellectuelle avec le po\u00e8te L\u00e9opold S\u00e9dar Senghor. Aly Djiba, s\u00e9n\u00e9galais et professeur de fran\u00e7ais \u00e0 Ceske Budejovice, nous pr\u00e9sentera ce beau pays. L\u2019occasion \u00e9galement de d\u00e9guster un plat s\u00e9n\u00e9galais traditionnel.<br\/><em>Soir\u00e9e en fran\u00e7ais et en tch\u00e8que <br\/>Nombre de place limit\u00e9 \u00e0 16 personnes<br\/>150,- K\u010d (100,- K\u010d pour les membres de l&rsquo;Alliance Fran\u00e7aise)<\/em><\/p>\n\n<h5 class=\"wp-block-heading\">Journ\u00e9e de la Francophonie \u00e0 Pisek<\/h5>\n\n<p><strong>O\u00f9 ?<\/strong> Gymn\u00e1zium P\u00edsek<br\/><strong>Quand ?<\/strong> Jeudi 21 mars <\/p>\n\n<figure class=\"wp-block-image size-large is-resized\"><img loading=\"lazy\" decoding=\"async\" width=\"1360\" height=\"766\" src=\"https:\/\/www.alliancefrancaise.cz\/jiznicechy\/wp-content\/uploads\/2024\/02\/Soiree-quebecoise-Publication-Instagram-Carre-Couverture-Facebook-1360x766.png\" alt=\"\" class=\"wp-image-7317\" style=\"aspect-ratio:1.7777777777777777;object-fit:cover;width:479px;height:auto\" srcset=\"https:\/\/www.alliancefrancaise.cz\/jiznicechy\/wp-content\/uploads\/2024\/02\/Soiree-quebecoise-Publication-Instagram-Carre-Couverture-Facebook-1360x766.png 1360w, https:\/\/www.alliancefrancaise.cz\/jiznicechy\/wp-content\/uploads\/2024\/02\/Soiree-quebecoise-Publication-Instagram-Carre-Couverture-Facebook-460x259.png 460w, https:\/\/www.alliancefrancaise.cz\/jiznicechy\/wp-content\/uploads\/2024\/02\/Soiree-quebecoise-Publication-Instagram-Carre-Couverture-Facebook-768x433.png 768w, https:\/\/www.alliancefrancaise.cz\/jiznicechy\/wp-content\/uploads\/2024\/02\/Soiree-quebecoise-Publication-Instagram-Carre-Couverture-Facebook.png 1640w\" sizes=\"auto, (max-width: 1360px) 100vw, 1360px\" \/><\/figure>\n\n<p><br\/>L\u2019Alliance Fran\u00e7aise et Juliette Bouchard-Lussier, qu\u00e9b\u00e9coise, seront pr\u00e9sents \u00e0 Pisek afin de pr\u00e9senter toute la beaut\u00e9 de la langue fran\u00e7aise au Canada aux \u00e9l\u00e8ves de la section europ\u00e9enne du Gymnazium ! <br\/><a href=\"https:\/\/www.alliancefrancaise.cz\/jiznicechy\/-Pour-les-ecoles-\">Moi aussi, je voudrais organiser ces activit\u00e9s p\u00e9dagogiques avec mes \u00e9l\u00e8ves<\/a><\/p>\n\n<h5 class=\"wp-block-heading\">Cin\u00e9-club \u00ab Louise en hiver \u00bb<\/h5>\n\n<p><strong>O\u00f9 ?<\/strong> Alliance Fran\u00e7aise Ji\u017en\u00ed \u010cechy<br\/><strong>Quand ? <\/strong>Jeudi 21 mars \u00e0 19h00<\/p>\n\n<figure class=\"wp-block-image size-full is-resized\"><img loading=\"lazy\" decoding=\"async\" width=\"1000\" height=\"563\" src=\"https:\/\/www.alliancefrancaise.cz\/jiznicechy\/wp-content\/uploads\/2024\/02\/Louise-en-hiver-rectangle.jpg\" alt=\"\" class=\"wp-image-7301\" style=\"aspect-ratio:1.7777777777777777;object-fit:cover;width:477px;height:auto\" srcset=\"https:\/\/www.alliancefrancaise.cz\/jiznicechy\/wp-content\/uploads\/2024\/02\/Louise-en-hiver-rectangle.jpg 1000w, https:\/\/www.alliancefrancaise.cz\/jiznicechy\/wp-content\/uploads\/2024\/02\/Louise-en-hiver-rectangle-460x259.jpg 460w, https:\/\/www.alliancefrancaise.cz\/jiznicechy\/wp-content\/uploads\/2024\/02\/Louise-en-hiver-rectangle-768x432.jpg 768w\" sizes=\"auto, (max-width: 1000px) 100vw, 1000px\" \/><\/figure>\n\n<p><br\/>\u00c0 la fin de l&rsquo;\u00e9t\u00e9, une vieille dame voit le dernier train de la saison quitter la petite station baln\u00e9aire de Biligen sans elle. La ville est d\u00e9sert\u00e9e. Le temps rapidement se d\u00e9grade, les grandes mar\u00e9es d&rsquo;\u00e9quinoxe surviennent, condamnant maintenant \u00e9lectricit\u00e9 et moyens de communication. Fragile et coquette, bien moins arm\u00e9e \u00e9 Robinson, Louise ne devrait pas survivre \u00e0 l&rsquo;hiver. Mais elle n&rsquo;a pas peur et consid\u00e8re son abandon comme un pari. Elle va apprivoiser les \u00e9l\u00e9ments naturels et la solitude. Ses souvenirs profitent de l&rsquo;occasion pour s&rsquo;inviter dans l&rsquo;aventure. Jusqu&rsquo;\u00e0 ce qu&rsquo;une explication lui soit r\u00e9v\u00e9l\u00e9e et que tout rentre dans l\u2019ordre.<br\/><em>Diffusion en langue originale fran\u00e7aise, sous titres tch\u00e8ques<br\/>Entr\u00e9e gratuite, avec le soutien de IFCin\u00e9ma<\/em><\/p>\n\n<p><mark style=\"background-color:rgba(0, 0, 0, 0)\" class=\"has-inline-color has-red-color\">N\u2019h\u00e9sitez pas et venez f\u00eater la Francophonie avec nous !<br\/>La Francophonie, c\u2019est quoi ? Les journ\u00e9es de la francophonie sont c\u00e9l\u00e9br\u00e9es annuellement par 300 millions de francophones \u00e0 travers les continents. La Journ\u00e9e internationale de la francophonie tombe le 20 mars, mais les f\u00eates et les \u00e9v\u00e9nements se d\u00e9roulent pendant tout le mois et les int\u00e9ress\u00e9s peuvent en profiter.<\/mark><\/p>\n\n<p><mark style=\"background-color:rgba(0, 0, 0, 0)\" class=\"has-inline-color has-red-color\">La langue fran\u00e7aise en chiffres :<br\/>321 millions de personnes parlent fran\u00e7ais dans le monde<br\/>5\u00e8me langue la plus parl\u00e9e dans le monde<br\/>93 millions d\u2019\u00e9l\u00e8ves et d\u2019\u00e9tudiants ont le fran\u00e7ais pour langue d\u2019enseignement<br\/>4\u00e8me langue sur Internet<br\/>51 millions de personnes apprennent le fran\u00e7ais<\/mark><\/p>\n","protected":false},"excerpt":{"rendered":"<p>En mars, nous f\u00eatons la Francophonie ! Et pour l\u2019occasion, l\u2019Alliance Fran\u00e7aise Ji\u017en\u00ed \u010cechy vous propose plusieurs \u00e9v\u00e9nements, qui raviront les petits comme les grands !<\/p>\n","protected":false},"author":4,"featured_media":7282,"comment_status":"closed","ping_status":"closed","sticky":false,"template":"","format":"standard","meta":{"_acf_changed":false,"footnotes":""},"categories":[48],"tags":[104,112,107,101,102,106,109,110,113,100,111,108,99,103,105],"class_list":["post-7286","post","type-post","status-publish","format-standard","has-post-thumbnail","hentry","category-francophonie","tag-alliance-francaise-fr","tag-ceska-republika-fr","tag-dny-frankofonie-fr","tag-evenements-culturels-fr","tag-francophonie-fr","tag-francophonie-2024-fr","tag-francouzstina-fr","tag-frankofonie-fr","tag-frankofonie-2024-fr","tag-journees-de-la-francophonie-fr","tag-kulturni-program-fr","tag-kulturni-udalosti-fr","tag-langue-francaise-fr","tag-programme-culturel-fr","tag-tchequie-fr"],"acf":[],"_links":{"self":[{"href":"https:\/\/www.alliancefrancaise.cz\/jiznicechy\/fr\/wp-json\/wp\/v2\/posts\/7286","targetHints":{"allow":["GET"]}}],"collection":[{"href":"https:\/\/www.alliancefrancaise.cz\/jiznicechy\/fr\/wp-json\/wp\/v2\/posts"}],"about":[{"href":"https:\/\/www.alliancefrancaise.cz\/jiznicechy\/fr\/wp-json\/wp\/v2\/types\/post"}],"author":[{"embeddable":true,"href":"https:\/\/www.alliancefrancaise.cz\/jiznicechy\/fr\/wp-json\/wp\/v2\/users\/4"}],"replies":[{"embeddable":true,"href":"https:\/\/www.alliancefrancaise.cz\/jiznicechy\/fr\/wp-json\/wp\/v2\/comments?post=7286"}],"version-history":[{"count":5,"href":"https:\/\/www.alliancefrancaise.cz\/jiznicechy\/fr\/wp-json\/wp\/v2\/posts\/7286\/revisions"}],"predecessor-version":[{"id":7325,"href":"https:\/\/www.alliancefrancaise.cz\/jiznicechy\/fr\/wp-json\/wp\/v2\/posts\/7286\/revisions\/7325"}],"wp:featuredmedia":[{"embeddable":true,"href":"https:\/\/www.alliancefrancaise.cz\/jiznicechy\/fr\/wp-json\/wp\/v2\/media\/7282"}],"wp:attachment":[{"href":"https:\/\/www.alliancefrancaise.cz\/jiznicechy\/fr\/wp-json\/wp\/v2\/media?parent=7286"}],"wp:term":[{"taxonomy":"category","embeddable":true,"href":"https:\/\/www.alliancefrancaise.cz\/jiznicechy\/fr\/wp-json\/wp\/v2\/categories?post=7286"},{"taxonomy":"post_tag","embeddable":true,"href":"https:\/\/www.alliancefrancaise.cz\/jiznicechy\/fr\/wp-json\/wp\/v2\/tags?post=7286"}],"curies":[{"name":"wp","href":"https:\/\/api.w.org\/{rel}","templated":true}]}}