{"id":7295,"date":"2024-02-22T14:09:08","date_gmt":"2024-02-22T13:09:08","guid":{"rendered":"https:\/\/www.alliancefrancaise.cz\/jiznicechy\/soiree-senegalaise\/"},"modified":"2024-02-22T14:54:26","modified_gmt":"2024-02-22T13:54:26","slug":"soiree-senegalaise","status":"publish","type":"post","link":"https:\/\/www.alliancefrancaise.cz\/jiznicechy\/fr\/soiree-senegalaise\/","title":{"rendered":"Soir\u00e9e s\u00e9n\u00e9galaise"},"content":{"rendered":"\n<p><strong>O\u00f9 ?<\/strong> Alliance Fran\u00e7aise Ji\u017en\u00ed \u010cechy<br\/><strong>Quand ?<\/strong> Lundi 18 mars \u00e0 18h30<\/p>\n\n<figure class=\"wp-block-image size-large\"><img loading=\"lazy\" decoding=\"async\" width=\"1360\" height=\"765\" src=\"https:\/\/www.alliancefrancaise.cz\/jiznicechy\/wp-content\/uploads\/2024\/02\/Soiree-Senegal-1360x765.png\" alt=\"\" class=\"wp-image-7292\" style=\"aspect-ratio:4\/3;object-fit:cover\" srcset=\"https:\/\/www.alliancefrancaise.cz\/jiznicechy\/wp-content\/uploads\/2024\/02\/Soiree-Senegal-1360x765.png 1360w, https:\/\/www.alliancefrancaise.cz\/jiznicechy\/wp-content\/uploads\/2024\/02\/Soiree-Senegal-460x259.png 460w, https:\/\/www.alliancefrancaise.cz\/jiznicechy\/wp-content\/uploads\/2024\/02\/Soiree-Senegal-768x432.png 768w, https:\/\/www.alliancefrancaise.cz\/jiznicechy\/wp-content\/uploads\/2024\/02\/Soiree-Senegal.png 1920w\" sizes=\"auto, (max-width: 1360px) 100vw, 1360px\" \/><\/figure>\n\n<p><br\/>Le S\u00e9n\u00e9gal est un pays unique dans le monde francophone. Terre cosmopolite d\u2019Afrique de l\u2019Ouest &#8211; bord\u00e9e par l\u2019Oc\u00e9an Atlantique &#8211; elle tient une place importante dans l\u2019histoire du continent africain. Point de non-retour pour les esclaves d\u00e9port\u00e9s, capitale de l\u2019Afrique-Occidentale fran\u00e7aise au temps de la colonisation par la France ou encore d\u00e9mocratie intellectuelle avec le po\u00e8te L\u00e9opold S\u00e9dar Senghor. Aly Djiba, s\u00e9n\u00e9galais et professeur de fran\u00e7ais \u00e0 Ceske Budejovice, nous pr\u00e9sentera ce beau pays. L\u2019occasion \u00e9galement de d\u00e9guster un plat s\u00e9n\u00e9galais traditionnel.<\/p>\n\n<p><br\/><em>Soir\u00e9e en fran\u00e7ais et en tch\u00e8que <br\/>Nombre de place limit\u00e9 \u00e0 16 personnes<br\/>150,- K\u010d (100,- K\u010d pour les membres de l&rsquo;Alliance Fran\u00e7aise)<\/em><\/p>\n","protected":false},"excerpt":{"rendered":"<p>Le S\u00e9n\u00e9gal est un pays unique dans le monde francophone. Terre cosmopolite d\u2019Afrique de l\u2019Ouest &#8211; bord\u00e9e par l\u2019Oc\u00e9an Atlantique &#8211; elle tient une place importante dans l\u2019histoire du continent africain. <\/p>\n","protected":false},"author":4,"featured_media":7293,"comment_status":"closed","ping_status":"closed","sticky":false,"template":"","format":"standard","meta":{"_acf_changed":false,"footnotes":""},"categories":[7],"tags":[126,112,119,120,110,113,111,121,116,128,127],"class_list":["post-7295","post","type-post","status-publish","format-standard","has-post-thumbnail","hentry","category-dny-frankofonie","tag-alliance-francaise-jizni-cechy-fr","tag-ceska-republika-fr","tag-francais-fr","tag-francouzsku-fr","tag-frankofonie-fr","tag-frankofonie-2024-fr","tag-kulturni-program-fr","tag-langue-fr","tag-rencontre-fr","tag-senegal-fr","tag-soiree-senegalaise"],"acf":[],"_links":{"self":[{"href":"https:\/\/www.alliancefrancaise.cz\/jiznicechy\/fr\/wp-json\/wp\/v2\/posts\/7295","targetHints":{"allow":["GET"]}}],"collection":[{"href":"https:\/\/www.alliancefrancaise.cz\/jiznicechy\/fr\/wp-json\/wp\/v2\/posts"}],"about":[{"href":"https:\/\/www.alliancefrancaise.cz\/jiznicechy\/fr\/wp-json\/wp\/v2\/types\/post"}],"author":[{"embeddable":true,"href":"https:\/\/www.alliancefrancaise.cz\/jiznicechy\/fr\/wp-json\/wp\/v2\/users\/4"}],"replies":[{"embeddable":true,"href":"https:\/\/www.alliancefrancaise.cz\/jiznicechy\/fr\/wp-json\/wp\/v2\/comments?post=7295"}],"version-history":[{"count":3,"href":"https:\/\/www.alliancefrancaise.cz\/jiznicechy\/fr\/wp-json\/wp\/v2\/posts\/7295\/revisions"}],"predecessor-version":[{"id":7331,"href":"https:\/\/www.alliancefrancaise.cz\/jiznicechy\/fr\/wp-json\/wp\/v2\/posts\/7295\/revisions\/7331"}],"wp:featuredmedia":[{"embeddable":true,"href":"https:\/\/www.alliancefrancaise.cz\/jiznicechy\/fr\/wp-json\/wp\/v2\/media\/7293"}],"wp:attachment":[{"href":"https:\/\/www.alliancefrancaise.cz\/jiznicechy\/fr\/wp-json\/wp\/v2\/media?parent=7295"}],"wp:term":[{"taxonomy":"category","embeddable":true,"href":"https:\/\/www.alliancefrancaise.cz\/jiznicechy\/fr\/wp-json\/wp\/v2\/categories?post=7295"},{"taxonomy":"post_tag","embeddable":true,"href":"https:\/\/www.alliancefrancaise.cz\/jiznicechy\/fr\/wp-json\/wp\/v2\/tags?post=7295"}],"curies":[{"name":"wp","href":"https:\/\/api.w.org\/{rel}","templated":true}]}}