{"id":7299,"date":"2024-02-22T14:17:59","date_gmt":"2024-02-22T13:17:59","guid":{"rendered":"https:\/\/www.alliancefrancaise.cz\/jiznicechy\/cine-club-louise-en-hiver\/"},"modified":"2024-02-22T15:47:42","modified_gmt":"2024-02-22T14:47:42","slug":"cine-club-louise-en-hiver","status":"publish","type":"post","link":"https:\/\/www.alliancefrancaise.cz\/jiznicechy\/fr\/cine-club-louise-en-hiver\/","title":{"rendered":"Cin\u00e9-club \u00ab Louise en hiver \u00bb"},"content":{"rendered":"\n<p><strong>O\u00f9 ?<\/strong> Alliance Fran\u00e7aise Ji\u017en\u00ed \u010cechy<br\/><strong>Quand ? <\/strong>Jeudi 21 mars \u00e0 19h00<\/p>\n\n<figure class=\"wp-block-image size-full is-resized\"><img loading=\"lazy\" decoding=\"async\" width=\"1000\" height=\"563\" src=\"https:\/\/www.alliancefrancaise.cz\/jiznicechy\/wp-content\/uploads\/2024\/02\/Louise-en-hiver-rectangle.jpg\" alt=\"\" class=\"wp-image-7301\" style=\"aspect-ratio:1.3333333333333333;object-fit:cover;width:478px;height:auto\" srcset=\"https:\/\/www.alliancefrancaise.cz\/jiznicechy\/wp-content\/uploads\/2024\/02\/Louise-en-hiver-rectangle.jpg 1000w, https:\/\/www.alliancefrancaise.cz\/jiznicechy\/wp-content\/uploads\/2024\/02\/Louise-en-hiver-rectangle-460x259.jpg 460w, https:\/\/www.alliancefrancaise.cz\/jiznicechy\/wp-content\/uploads\/2024\/02\/Louise-en-hiver-rectangle-768x432.jpg 768w\" sizes=\"auto, (max-width: 1000px) 100vw, 1000px\" \/><\/figure>\n\n<p><br\/>\u00c0 la fin de l&rsquo;\u00e9t\u00e9, une vieille dame voit le dernier train de la saison quitter la petite station baln\u00e9aire de Biligen sans elle. La ville est d\u00e9sert\u00e9e. Le temps rapidement se d\u00e9grade, les grandes mar\u00e9es d&rsquo;\u00e9quinoxe surviennent, condamnant maintenant \u00e9lectricit\u00e9 et moyens de communication. Fragile et coquette, bien moins arm\u00e9e \u00e9 Robinson, Louise ne devrait pas survivre \u00e0 l&rsquo;hiver. Mais elle n&rsquo;a pas peur et consid\u00e8re son abandon comme un pari. Elle va apprivoiser les \u00e9l\u00e9ments naturels et la solitude. Ses souvenirs profitent de l&rsquo;occasion pour s&rsquo;inviter dans l&rsquo;aventure. Jusqu&rsquo;\u00e0 ce qu&rsquo;une explication lui soit r\u00e9v\u00e9l\u00e9e et que tout rentre dans l\u2019ordre.<\/p>\n\n<p><br\/><em>Diffusion en langue originale fran\u00e7aise, sous titres tch\u00e8ques<br\/>Entr\u00e9e gratuite, avec le soutien de IFCin\u00e9ma<\/em><\/p>\n","protected":false},"excerpt":{"rendered":"<p>Diffusion en langue originale fran\u00e7aise, sous titres tch\u00e8ques Entr\u00e9e gratuite, avec le soutien de IFCin\u00e9ma<\/p>\n","protected":false},"author":4,"featured_media":7302,"comment_status":"closed","ping_status":"closed","sticky":false,"template":"","format":"standard","meta":{"_acf_changed":false,"footnotes":""},"categories":[53],"tags":[89,135,143,149,97,130,162,129,139,134,136,137,132,146,140,58,145,147,144,59,95,98,133,96,60,138,142,131,42,148],"class_list":["post-7299","post","type-post","status-publish","format-standard","has-post-thumbnail","hentry","category-cine-cine-club","tag-alliance-francaise","tag-animation-francaise","tag-animovany-film","tag-artove-a-experimentalni-kino","tag-ceska-republika","tag-cine-club","tag-cine-club-louise-en-hiver","tag-cine-club-louise-en-hiver-film-danimation-alliance-francaise-jizni-cechy-region-cinema-francais-animation-francaise-cinephiles-culture-francaise-loisirs-cinema-dart-et-dessai","tag-cinema-dart-et-dessai","tag-cinema-francais","tag-cinephiles","tag-culture-francaise","tag-film-danimation","tag-filmovi-nadsenci","tag-filmovy-klub","tag-francais","tag-francouzska-animace","tag-francouzska-kultura","tag-francouzske-kino","tag-francouzsku","tag-frankofonie","tag-frankofonie-2024","tag-jizni-cechy-region","tag-kulturni-program","tag-langue","tag-loisirs","tag-louisa-na-pobrezi","tag-louise-en-hiver","tag-rencontre","tag-zabava"],"acf":[],"_links":{"self":[{"href":"https:\/\/www.alliancefrancaise.cz\/jiznicechy\/fr\/wp-json\/wp\/v2\/posts\/7299","targetHints":{"allow":["GET"]}}],"collection":[{"href":"https:\/\/www.alliancefrancaise.cz\/jiznicechy\/fr\/wp-json\/wp\/v2\/posts"}],"about":[{"href":"https:\/\/www.alliancefrancaise.cz\/jiznicechy\/fr\/wp-json\/wp\/v2\/types\/post"}],"author":[{"embeddable":true,"href":"https:\/\/www.alliancefrancaise.cz\/jiznicechy\/fr\/wp-json\/wp\/v2\/users\/4"}],"replies":[{"embeddable":true,"href":"https:\/\/www.alliancefrancaise.cz\/jiznicechy\/fr\/wp-json\/wp\/v2\/comments?post=7299"}],"version-history":[{"count":4,"href":"https:\/\/www.alliancefrancaise.cz\/jiznicechy\/fr\/wp-json\/wp\/v2\/posts\/7299\/revisions"}],"predecessor-version":[{"id":7358,"href":"https:\/\/www.alliancefrancaise.cz\/jiznicechy\/fr\/wp-json\/wp\/v2\/posts\/7299\/revisions\/7358"}],"wp:featuredmedia":[{"embeddable":true,"href":"https:\/\/www.alliancefrancaise.cz\/jiznicechy\/fr\/wp-json\/wp\/v2\/media\/7302"}],"wp:attachment":[{"href":"https:\/\/www.alliancefrancaise.cz\/jiznicechy\/fr\/wp-json\/wp\/v2\/media?parent=7299"}],"wp:term":[{"taxonomy":"category","embeddable":true,"href":"https:\/\/www.alliancefrancaise.cz\/jiznicechy\/fr\/wp-json\/wp\/v2\/categories?post=7299"},{"taxonomy":"post_tag","embeddable":true,"href":"https:\/\/www.alliancefrancaise.cz\/jiznicechy\/fr\/wp-json\/wp\/v2\/tags?post=7299"}],"curies":[{"name":"wp","href":"https:\/\/api.w.org\/{rel}","templated":true}]}}