{"id":7377,"date":"2023-11-01T19:14:55","date_gmt":"2023-11-01T18:14:55","guid":{"rendered":"https:\/\/www.alliancefrancaise.cz\/jiznicechy\/festival-du-film-francais\/"},"modified":"2024-11-14T15:15:35","modified_gmt":"2024-11-14T14:15:35","slug":"festival-du-film-francais","status":"publish","type":"post","link":"https:\/\/www.alliancefrancaise.cz\/jiznicechy\/fr\/festival-du-film-francais\/","title":{"rendered":"Festival du film fran\u00e7ais"},"content":{"rendered":"\n<p>Festival francouzsk\u00e9ho filmu se tradi\u010dn\u011b kon\u00e1 koncem listopadu. V \u010cesk\u00fdch Bud\u011bjovic\u00edch se na francouzsk\u00e9 filmy m\u016f\u017eete vydat do kina Kotva od 21. do 24. listopadu.<\/p>\n\n<figure class=\"wp-block-image size-full is-resized\"><img loading=\"lazy\" decoding=\"async\" width=\"1080\" height=\"1080\" src=\"https:\/\/www.alliancefrancaise.cz\/jiznicechy\/wp-content\/uploads\/2023\/11\/Instagram-Photo-1080x1080px-regiony-4.jpg\" alt=\"\" class=\"wp-image-16310\" style=\"width:477px;height:auto\" srcset=\"https:\/\/www.alliancefrancaise.cz\/jiznicechy\/wp-content\/uploads\/2023\/11\/Instagram-Photo-1080x1080px-regiony-4.jpg 1080w, https:\/\/www.alliancefrancaise.cz\/jiznicechy\/wp-content\/uploads\/2023\/11\/Instagram-Photo-1080x1080px-regiony-4-460x460.jpg 460w, https:\/\/www.alliancefrancaise.cz\/jiznicechy\/wp-content\/uploads\/2023\/11\/Instagram-Photo-1080x1080px-regiony-4-150x150.jpg 150w, https:\/\/www.alliancefrancaise.cz\/jiznicechy\/wp-content\/uploads\/2023\/11\/Instagram-Photo-1080x1080px-regiony-4-768x768.jpg 768w, https:\/\/www.alliancefrancaise.cz\/jiznicechy\/wp-content\/uploads\/2023\/11\/Instagram-Photo-1080x1080px-regiony-4-440x440.jpg 440w\" sizes=\"auto, (max-width: 1080px) 100vw, 1080px\" \/><\/figure>\n\n<p>Festival francouzsk\u00e9ho filmu, po\u0159\u00e1dan\u00fd Francouzsk\u00fdm institutem v Praze a Francouzsk\u00fdm velvyslanectv\u00edm v \u010cesk\u00e9 republice ve spolupr\u00e1ci s Unifrance, se tradi\u010dn\u011b kon\u00e1 koncem listopadu. V \u010cesk\u00fdch Bud\u011bjovic\u00edch se na francouzsk\u00e9 filmy m\u016f\u017eete vydat od 21. do 24. listopadu do Biografu Kotva.<\/p>\n\n<p>27. ro\u010dn\u00edk Festivalu francouzsk\u00e9ho filmu se bl\u00ed\u017e\u00ed! V\u00a0\u010cesk\u00fdch Bud\u011bjovic\u00edch se odehraje od 21. do 24. listopadu 2024, dostane se ale tak\u00e9 do Prahy, Brna, Hradce Kr\u00e1lov\u00e9 nebo Ostravy.\u00a0<\/p>\n\n<p>V Biografu Kotva festival uvede sedm p\u0159edpremi\u00e9rov\u00fdch titul\u016f, v jejich\u017e \u010dele stoj\u00ed sn\u00edmek AZNAVOUR inspirovan\u00fd \u017eivotn\u00edmi osudy sv\u011btozn\u00e1m\u00e9ho francouzsk\u00e9ho \u0161ansoni\u00e9ra arm\u00e9nsk\u00e9ho p\u016fvodu Charlese Aznavoura, kter\u00fd prop\u016fj\u010dil tv\u00e1\u0159 leto\u0161n\u00edmu vizu\u00e1lu. Mezi dal\u0161\u00ed o\u010dek\u00e1van\u00e9 sn\u00edmky pat\u0159\u00ed tak\u00e9 dobrodru\u017en\u00fd film SAINT-EXUP\u00c9RY od Pabla Ag\u00fcera nebo milostn\u00e9 drama CIZ\u00cd JAZYK od Claire Burger.<\/p>\n\n<p>Tous les films sont pr\u00e9sent\u00e9s en version originale avec sous-titres tch\u00e8ques ou en version doubl\u00e9e en tch\u00e8que.<\/p>\n\n<p>Vstupn\u00e9 na festivalov\u00e9 projekce je 160 K\u010d.<\/p>\n\n<p>Site officiel du festival : <a href=\"http:\/\/www.festivalff.cz\/\" target=\"_blank\" rel=\"noreferrer noopener\">www.festivalff.cz<\/a><\/p>\n\n<p>Page Facebook du festival : <a href=\"http:\/\/www.facebook.com\/festivalff\" target=\"_blank\" rel=\"noreferrer noopener\">www.facebook.com\/festivalff<\/a> <\/p>\n\n<p>Compte Instagram du festival : <a href=\"https:\/\/www.instagram.com\/festival_ff\/\" target=\"_blank\" rel=\"noreferrer noopener\">https:\/\/www.instagram.com\/festival_ff\/<\/a><\/p>\n","protected":false},"excerpt":{"rendered":"<p>Le Festival du film fran\u00e7ais se d\u00e9roule traditionnellement \u00e0 la fin du mois de novembre. \u00c0 \u010cesk\u00e9 Bud\u011bjovice, vous pourrez visionner ces films fran\u00e7ais au cin\u00e9ma Kotva du 21 au 24 novembre.<\/p>\n","protected":false},"author":4,"featured_media":16299,"comment_status":"closed","ping_status":"closed","sticky":false,"template":"","format":"standard","meta":{"_acf_changed":false,"footnotes":""},"categories":[55],"tags":[308,104,322,235,112,323,306,155,302,310,325,300,297,298,317,299,318,119,165,263,312,319,110,246,111,321,314,304,320,324,327,313,305,311,301,307,315,316,309,303,326],"class_list":["post-7377","post","type-post","status-publish","format-standard","has-post-thumbnail","hentry","category-festival-film-francais","tag-acteurs-francais-fr","tag-alliance-francaise-fr","tag-avant-premieres-fr","tag-celebration-culturelle-fr","tag-ceska-republika-fr","tag-ceske-budejovice-fr-2","tag-cinema-contemporain-fr","tag-cinema-francais-fr","tag-collaboration-culturelle-fr","tag-diversite-cinematographique-fr","tag-entree-gratuite-fr","tag-evenement-cinematographique-fr","tag-festival-du-film-francais-fr","tag-festival-du-film-francais-fr-2","tag-filmova-rozmanitost-fr","tag-filmova-udalost-fr","tag-filmovy-program-fr","tag-francais-fr","tag-francouzske-kino-fr","tag-francouzsky-institut-fr","tag-francouzsti-herci-fr","tag-francouzsti-reziseri-fr","tag-frankofonie-fr","tag-kulturni-oslava-fr","tag-kulturni-program-fr","tag-kulturni-spoluprace-fr","tag-predpremiery-fr","tag-programme-cinematographique-fr","tag-projection-de-films-fr","tag-promotion-du-cinema-francais-fr","tag-propagace-francouzskeho-filmu-fr","tag-realisateurs-francais-fr","tag-republique-tcheque-fr","tag-seances-speciales-fr","tag-semaine-du-cinema-francais-fr","tag-soucasne-kino-fr","tag-sous-titres-en-tcheque-fr","tag-specialni-projekce-fr","tag-titulky-v-cestine-fr","tag-tyden-francouzskeho-filmu-fr","tag-vstup-zdarma-fr"],"acf":[],"_links":{"self":[{"href":"https:\/\/www.alliancefrancaise.cz\/jiznicechy\/fr\/wp-json\/wp\/v2\/posts\/7377","targetHints":{"allow":["GET"]}}],"collection":[{"href":"https:\/\/www.alliancefrancaise.cz\/jiznicechy\/fr\/wp-json\/wp\/v2\/posts"}],"about":[{"href":"https:\/\/www.alliancefrancaise.cz\/jiznicechy\/fr\/wp-json\/wp\/v2\/types\/post"}],"author":[{"embeddable":true,"href":"https:\/\/www.alliancefrancaise.cz\/jiznicechy\/fr\/wp-json\/wp\/v2\/users\/4"}],"replies":[{"embeddable":true,"href":"https:\/\/www.alliancefrancaise.cz\/jiznicechy\/fr\/wp-json\/wp\/v2\/comments?post=7377"}],"version-history":[{"count":4,"href":"https:\/\/www.alliancefrancaise.cz\/jiznicechy\/fr\/wp-json\/wp\/v2\/posts\/7377\/revisions"}],"predecessor-version":[{"id":16321,"href":"https:\/\/www.alliancefrancaise.cz\/jiznicechy\/fr\/wp-json\/wp\/v2\/posts\/7377\/revisions\/16321"}],"wp:featuredmedia":[{"embeddable":true,"href":"https:\/\/www.alliancefrancaise.cz\/jiznicechy\/fr\/wp-json\/wp\/v2\/media\/16299"}],"wp:attachment":[{"href":"https:\/\/www.alliancefrancaise.cz\/jiznicechy\/fr\/wp-json\/wp\/v2\/media?parent=7377"}],"wp:term":[{"taxonomy":"category","embeddable":true,"href":"https:\/\/www.alliancefrancaise.cz\/jiznicechy\/fr\/wp-json\/wp\/v2\/categories?post=7377"},{"taxonomy":"post_tag","embeddable":true,"href":"https:\/\/www.alliancefrancaise.cz\/jiznicechy\/fr\/wp-json\/wp\/v2\/tags?post=7377"}],"curies":[{"name":"wp","href":"https:\/\/api.w.org\/{rel}","templated":true}]}}