{"id":9,"count":4,"description":"<img class=\"alignnone size-medium wp-image-7063\" src=\"https:\/\/www.alliancefrancaise.cz\/jiznicechy\/wp-content\/uploads\/2024\/02\/Cafe-francais-couv-FB-460x259.png\" alt=\"Caf\u00e9 fran\u00e7ais (couverture)\" width=\"460\" height=\"259\" \/>P\u0159ipojte se k n\u00e1m! Setkejte se s n\u00e1mi v kav\u00e1rn\u011b U V\u00e1s a sd\u00edlejte p\u0159\u00e1telsk\u00e9 chv\u00edle s dal\u0161\u00edmi frankofonn\u00edmi lidmi z regionu!","link":"https:\/\/www.alliancefrancaise.cz\/jiznicechy\/category\/kava-po-francouzsku\/","name":"K\u00e1va po francouzsku","slug":"kava-po-francouzsku","taxonomy":"category","parent":0,"meta":[],"acf":[],"_links":{"self":[{"href":"https:\/\/www.alliancefrancaise.cz\/jiznicechy\/wp-json\/wp\/v2\/categories\/9","targetHints":{"allow":["GET"]}}],"collection":[{"href":"https:\/\/www.alliancefrancaise.cz\/jiznicechy\/wp-json\/wp\/v2\/categories"}],"about":[{"href":"https:\/\/www.alliancefrancaise.cz\/jiznicechy\/wp-json\/wp\/v2\/taxonomies\/category"}],"wp:post_type":[{"href":"https:\/\/www.alliancefrancaise.cz\/jiznicechy\/wp-json\/wp\/v2\/posts?categories=9"}],"curies":[{"name":"wp","href":"https:\/\/api.w.org\/{rel}","templated":true}]}}