{"id":15960,"date":"2024-04-27T21:12:05","date_gmt":"2024-04-27T19:12:05","guid":{"rendered":"https:\/\/www.alliancefrancaise.cz\/jiznicechy\/?p=15960"},"modified":"2026-02-16T15:12:06","modified_gmt":"2026-02-16T14:12:06","slug":"cine-club-trpytive-krevety","status":"publish","type":"post","link":"https:\/\/www.alliancefrancaise.cz\/jiznicechy\/cine-club-trpytive-krevety\/","title":{"rendered":"Cin\u00e9-club: T\u0159pytiv\u00e9 krevety"},"content":{"rendered":"\n<p>Matthias Le Goff, vicemistr sv\u011bta v plav\u00e1n\u00ed, je po sv\u00fdch homofobn\u00edch v\u00fdroc\u00edch odsouzen k tomu, aby tr\u00e9noval \u201eT\u0159pytiv\u00e9 krevety&#8220; (Les Crevettes Paillet\u00e9es), homosexu\u00e1ln\u00ed t\u00fdm vodn\u00edho p\u00f3la, kter\u00fd se v\u00edce ne\u017e o sout\u011b\u017ee zaj\u00edm\u00e1 sp\u00ed\u0161e o ve\u010d\u00edrky. Toto v\u00fdbu\u0161n\u00e9 seskupen\u00ed odj\u00ed\u017ed\u00ed do Chorvatska, aby se z\u00fa\u010dastnilo Gay Games, nejv\u011bt\u0161\u00ed sv\u011btov\u00e9 sportovn\u00ed akce pro homosexu\u00e1ly. B\u011bhem cesty Matthias objevuje neobvykl\u00fd sv\u011bt, kter\u00fd ot\u0159ese jeho z\u00e1klady a umo\u017en\u00ed mu p\u0159ehodnotit sv\u00e9 \u017eivotn\u00ed priority. <\/p>\n\n\n\n<p><em>Film C\u00e9drica Le Galla a Maxima Govareho s Nicolasem Gobem, Albanem Lenoirem, Micha\u00eblem Abiteboulem, Davidem Baio, Rolandem Menou, Geoffrey Couetem, Romainem Brau, Felixem Martinezem. <\/em><\/p>\n\n\n\n<ul class=\"wp-block-list\">\n<li><strong>Kdy?<\/strong> \u010ctvrtek 16. kv\u011btna v 19.00 hodin<\/li>\n\n\n\n<li><strong>Kde?<\/strong> Alliance Fran\u00e7aise Ji\u017en\u00ed \u010cechy &#8211; N\u00e1m\u011bst\u00ed P\u0159emysla Otakara II. 79\/21, \u010cesk\u00e9 Bud\u011bjovice<\/li>\n\n\n\n<li><strong>Jazyk?<\/strong> p\u016fvodn\u00ed francouzsk\u00e9 zn\u011bn\u00ed, \u010desk\u00e9 titulky <\/li>\n\n\n\n<li><strong>Cena?<\/strong> Zdarma<\/li>\n<\/ul>\n\n\n\n<p><\/p>\n\n\n\n<p><\/p>\n\n\n\n<p><\/p>\n\n\n\n<p><\/p>\n\n\n\n<p><\/p>\n\n\n\n<p><\/p>\n\n\n\n<p><\/p>\n\n\n\n<p><\/p>\n\n\n\n<p><\/p>\n\n\n\n<p><\/p>\n\n\n\n<p><\/p>\n\n\n\n<p><\/p>\n\n\n\n<p><\/p>\n","protected":false},"excerpt":{"rendered":"<p>Film C\u00e9drica Le Galla a Maxima Govareho s Nicolasem Gobem, Albanem Lenoirem, Micha\u00eblem Abiteboulem, Davidem Baio, Rolandem Menou, Geoffrey Couetem, Romainem Brau, Felixem Martinezem. <\/p>\n","protected":false},"author":4,"featured_media":15961,"comment_status":"closed","ping_status":"closed","sticky":false,"template":"","format":"standard","meta":{"_acf_changed":false,"footnotes":""},"categories":[52],"tags":[472,468,89,123,97,45,464,469,470,175,58,87,59,95,466,96,179,467,471,42,465],"class_list":["post-15960","post","type-post","status-publish","format-standard","has-post-thumbnail","hentry","category-filmovy-klub","tag-afjiznicechy","tag-aliance-francouzstina","tag-alliance-francaise","tag-alliance-francaise-jizni-cechy","tag-ceska-republika","tag-ceske-budejovice","tag-cine-club-2","tag-decouverte-culturelle","tag-echange-culturel","tag-evenement-culturel","tag-francais","tag-francophonie","tag-francouzsku","tag-frankofonie","tag-kulturni-objevy","tag-kulturni-program","tag-kulturni-udalost","tag-kulturni-vymena","tag-programme","tag-rencontre","tag-trpytive-krevety"],"acf":[],"_links":{"self":[{"href":"https:\/\/www.alliancefrancaise.cz\/jiznicechy\/wp-json\/wp\/v2\/posts\/15960","targetHints":{"allow":["GET"]}}],"collection":[{"href":"https:\/\/www.alliancefrancaise.cz\/jiznicechy\/wp-json\/wp\/v2\/posts"}],"about":[{"href":"https:\/\/www.alliancefrancaise.cz\/jiznicechy\/wp-json\/wp\/v2\/types\/post"}],"author":[{"embeddable":true,"href":"https:\/\/www.alliancefrancaise.cz\/jiznicechy\/wp-json\/wp\/v2\/users\/4"}],"replies":[{"embeddable":true,"href":"https:\/\/www.alliancefrancaise.cz\/jiznicechy\/wp-json\/wp\/v2\/comments?post=15960"}],"version-history":[{"count":1,"href":"https:\/\/www.alliancefrancaise.cz\/jiznicechy\/wp-json\/wp\/v2\/posts\/15960\/revisions"}],"predecessor-version":[{"id":15963,"href":"https:\/\/www.alliancefrancaise.cz\/jiznicechy\/wp-json\/wp\/v2\/posts\/15960\/revisions\/15963"}],"wp:featuredmedia":[{"embeddable":true,"href":"https:\/\/www.alliancefrancaise.cz\/jiznicechy\/wp-json\/wp\/v2\/media\/15961"}],"wp:attachment":[{"href":"https:\/\/www.alliancefrancaise.cz\/jiznicechy\/wp-json\/wp\/v2\/media?parent=15960"}],"wp:term":[{"taxonomy":"category","embeddable":true,"href":"https:\/\/www.alliancefrancaise.cz\/jiznicechy\/wp-json\/wp\/v2\/categories?post=15960"},{"taxonomy":"post_tag","embeddable":true,"href":"https:\/\/www.alliancefrancaise.cz\/jiznicechy\/wp-json\/wp\/v2\/tags?post=15960"}],"curies":[{"name":"wp","href":"https:\/\/api.w.org\/{rel}","templated":true}]}}