{"id":15989,"date":"2024-05-17T10:15:27","date_gmt":"2024-05-17T08:15:27","guid":{"rendered":"https:\/\/www.alliancefrancaise.cz\/jiznicechy\/?p=15989"},"modified":"2026-02-16T15:11:38","modified_gmt":"2026-02-16T14:11:38","slug":"max-a-maja-pribeh-listicek-v-biografu-kotva","status":"publish","type":"post","link":"https:\/\/www.alliancefrancaise.cz\/jiznicechy\/max-a-maja-pribeh-listicek-v-biografu-kotva\/","title":{"rendered":"\u201cMax a M\u00e1ja: P\u0159\u00edb\u011bh li\u0161ti\u010dek\u201d v Biografu Kotva"},"content":{"rendered":"\n<p>V r\u00e1mci festivalu <strong>Bonjour Bud\u011bjovice <\/strong>si v\u00e1s dovolujeme pozvat na prom\u00edt\u00e1n\u00ed francouzsk\u00e9ho filmu \u201cMax a M\u00e1ja: P\u0159\u00edb\u011bh li\u0161ti\u010dek\u201d&nbsp; v Biografu Kotva. Skv\u011bl\u00e9 rodinn\u00e9 dobrodru\u017estv\u00ed, kter\u00e9 spojuje kouzla a zamy\u0161len\u00ed a pot\u011b\u0161\u00ed mal\u00e9 i velk\u00e9.&nbsp;<\/p>\n\n\n\n<p>Max a M\u00e1ja, p\u00e1r pol\u00e1rn\u00edch li\u0161ek p\u0159ipraven\u00fdch zalo\u017eit rodinu, \u017eij\u00ed poklidn\u011b na ledov\u00fdch kr\u00e1ch dalek\u00e9ho severu. Teplota je abnorm\u00e1ln\u011b n\u00edzk\u00e1 a potravy je st\u00e1le m\u00e9n\u011b, co\u017e nut\u00ed Yuka vyd\u00e1vat se st\u00e1le d\u00e1l a d\u00e1l, aby zajistil jejich pot\u0159eby.<\/p>\n\n\n\n<ul class=\"wp-block-list\">\n<li>Kdy? Ned\u011ble 23. \u010dervna v 16.00 hod.<\/li>\n\n\n\n<li>Kde? Biograf Kotva, Lidick\u00e1 t\u0159. 2110, \u010cesk\u00e9 Bud\u011bjovice<\/li>\n\n\n\n<li>Jazyk? \u010ce\u0161tina<\/li>\n\n\n\n<li>Cena? <a href=\"https:\/\/bit.ly\/maxamaja\" target=\"_blank\" rel=\"noopener\">160 K\u010c <\/a><\/li>\n<\/ul>\n\n\n\n<p><em>Film Guillauma Maidatchevsk\u00e9ho s Virginie Efirou v hlavn\u00ed roli.<\/em><\/p>\n\n\n\n<p><em>Festival se kon\u00e1 za podpory Francouzsk\u00e9ho velvyslanectv\u00ed v \u010cesk\u00e9 republice, m\u011bsta \u010cesk\u00e9 Bud\u011bjovice, Jiho\u010desk\u00e9ho kraje a m\u011bsta Lorient. Ve spolupr\u00e1ci s r\u00e1diem Netro Life, Aktivem Klub, Jiho\u010deskou v\u011bdeckou knihovnou v \u010cesk\u00fdch Bud\u011bjovic\u00edch, Fakultou rom\u00e1nsk\u00fdch jazyk\u016f Jiho\u010desk\u00e9 univerzity, Farkatkou, Letn\u00edm kinem H\u00e1je\u010dek, Josefem Kordou, Biografem Kotva a LS kurzy.<\/em><\/p>\n\n\n\n<p><\/p>\n\n\n\n<p><\/p>\n\n\n\n<p><\/p>\n\n\n\n<p><\/p>\n\n\n\n<p><\/p>\n\n\n\n<p><\/p>\n\n\n\n<p><\/p>\n\n\n\n<p><\/p>\n\n\n\n<p><\/p>\n\n\n\n<p><\/p>\n\n\n\n<p><\/p>\n\n\n\n<p><\/p>\n","protected":false},"excerpt":{"rendered":"<p>V r\u00e1mci festivalu Bonjour Bud\u011bjovice si v\u00e1s dovolujeme pozvat na prom\u00edt\u00e1n\u00ed francouzsk\u00e9ho filmu \u201cMax a M\u00e1ja: P\u0159\u00edb\u011bh li\u0161ti\u010dek\u201d\u00a0 v Biografu Kotva.<\/p>\n","protected":false},"author":4,"featured_media":15980,"comment_status":"closed","ping_status":"closed","sticky":false,"template":"","format":"standard","meta":{"_acf_changed":false,"footnotes":""},"categories":[52],"tags":[89,123,493,495,97,496,487,58,87,59,96,492,494,491,488],"class_list":["post-15989","post","type-post","status-publish","format-standard","has-post-thumbnail","hentry","category-filmovy-klub","tag-alliance-francaise","tag-alliance-francaise-jizni-cechy","tag-animaux","tag-aventure","tag-ceska-republika","tag-cinema-familial","tag-dobrodruzstvi","tag-francais","tag-francophonie","tag-francouzsku","tag-kulturni-program","tag-magie","tag-nature","tag-reflexion","tag-rodinne-kino"],"acf":[],"_links":{"self":[{"href":"https:\/\/www.alliancefrancaise.cz\/jiznicechy\/wp-json\/wp\/v2\/posts\/15989","targetHints":{"allow":["GET"]}}],"collection":[{"href":"https:\/\/www.alliancefrancaise.cz\/jiznicechy\/wp-json\/wp\/v2\/posts"}],"about":[{"href":"https:\/\/www.alliancefrancaise.cz\/jiznicechy\/wp-json\/wp\/v2\/types\/post"}],"author":[{"embeddable":true,"href":"https:\/\/www.alliancefrancaise.cz\/jiznicechy\/wp-json\/wp\/v2\/users\/4"}],"replies":[{"embeddable":true,"href":"https:\/\/www.alliancefrancaise.cz\/jiznicechy\/wp-json\/wp\/v2\/comments?post=15989"}],"version-history":[{"count":2,"href":"https:\/\/www.alliancefrancaise.cz\/jiznicechy\/wp-json\/wp\/v2\/posts\/15989\/revisions"}],"predecessor-version":[{"id":16057,"href":"https:\/\/www.alliancefrancaise.cz\/jiznicechy\/wp-json\/wp\/v2\/posts\/15989\/revisions\/16057"}],"wp:featuredmedia":[{"embeddable":true,"href":"https:\/\/www.alliancefrancaise.cz\/jiznicechy\/wp-json\/wp\/v2\/media\/15980"}],"wp:attachment":[{"href":"https:\/\/www.alliancefrancaise.cz\/jiznicechy\/wp-json\/wp\/v2\/media?parent=15989"}],"wp:term":[{"taxonomy":"category","embeddable":true,"href":"https:\/\/www.alliancefrancaise.cz\/jiznicechy\/wp-json\/wp\/v2\/categories?post=15989"},{"taxonomy":"post_tag","embeddable":true,"href":"https:\/\/www.alliancefrancaise.cz\/jiznicechy\/wp-json\/wp\/v2\/tags?post=15989"}],"curies":[{"name":"wp","href":"https:\/\/api.w.org\/{rel}","templated":true}]}}