{"id":16761,"date":"2025-03-04T18:52:27","date_gmt":"2025-03-04T17:52:27","guid":{"rendered":"https:\/\/www.alliancefrancaise.cz\/jiznicechy\/?p=16761"},"modified":"2026-02-16T15:09:02","modified_gmt":"2026-02-16T14:09:02","slug":"cine-club-en-corps","status":"publish","type":"post","link":"https:\/\/www.alliancefrancaise.cz\/jiznicechy\/cine-club-en-corps\/","title":{"rendered":"Cin\u00e9-club: En Corps"},"content":{"rendered":"\n<p>26let\u00e1 Elise je skv\u011bl\u00e1 baletka. B\u011bhem p\u0159edstaven\u00ed se zran\u00ed a dozv\u00edd\u00e1 se, \u017ee u\u017e nebude moci tan\u010dit. Jej\u00ed \u017eivot se obr\u00e1t\u00ed vzh\u016fru nohama a ona se mus\u00ed nau\u010dit, jak se napravit&#8230; Mezi Pa\u0159\u00ed\u017e\u00ed a Bretan\u00ed, p\u0159es setk\u00e1n\u00ed a z\u00e1\u017eitky, zklam\u00e1n\u00ed a nad\u011bje se Elise sbli\u017euje se souborem sou\u010dasn\u00e9ho tance. Tento nov\u00fd zp\u016fsob tance j\u00ed d\u00e1 nov\u00fd impuls a nov\u00fd zp\u016fsob \u017eivota.<\/p>\n\n\n\n<p><em>C\u00e9dric Klapisch- 2021- 2h00- Fiction- Comedy drama<br>hraj\u00ed: Marion Barbeau, Pio Marma\u00ef, Fran\u00e7ois Civil, Denis Podalyd\u00e8s, Muriel Robin<\/em><\/p>\n\n\n\n<ul class=\"wp-block-list\">\n<li><strong>Kdy?<\/strong> \u010ctvrtek 27. b\u0159ezna v 19.00 hodin<\/li>\n\n\n\n<li><strong>Kde?<\/strong> Alliance Fran\u00e7aise Ji\u017en\u00ed \u010cechy &#8211; N\u00e1m\u011bst\u00ed P\u0159emysla Otakara II. 79\/21, \u010cesk\u00e9 Bud\u011bjovice<\/li>\n\n\n\n<li><strong>Jazyk?<\/strong> p\u016fvodn\u00ed francouzsk\u00e9 zn\u011bn\u00ed, \u010desk\u00e9 titulky <\/li>\n\n\n\n<li><strong>Cena?<\/strong> Zdarma<\/li>\n<\/ul>\n\n\n\n<p><\/p>\n\n\n\n<p><\/p>\n\n\n\n<p><\/p>\n\n\n\n<p><\/p>\n\n\n\n<p><\/p>\n\n\n\n<p><\/p>\n\n\n\n<p><\/p>\n\n\n\n<p><\/p>\n\n\n\n<p><\/p>\n\n\n\n<p><\/p>\n\n\n\n<p><\/p>\n\n\n\n<p><\/p>\n\n\n\n<p><\/p>\n","protected":false},"excerpt":{"rendered":"<p>C\u00e9dric Klapisch- 2021- 2h00- Fiction- Comedy drama<br \/>\nhraj\u00ed: Marion Barbeau, Pio Marma\u00ef, Fran\u00e7ois Civil, Denis Podalyd\u00e8s, Muriel Robin<\/p>\n","protected":false},"author":4,"featured_media":16764,"comment_status":"closed","ping_status":"closed","sticky":false,"template":"","format":"standard","meta":{"_acf_changed":false,"footnotes":""},"categories":[7,52],"tags":[472,468,89,123,535,97,45,464,469,92,470,175,58,87,59,95,466,96,179,467,471,42],"class_list":["post-16761","post","type-post","status-publish","format-standard","has-post-thumbnail","hentry","category-dny-frankofonie","category-filmovy-klub","tag-afjiznicechy","tag-aliance-francouzstina","tag-alliance-francaise","tag-alliance-francaise-jizni-cechy","tag-aya-de-yopougon","tag-ceska-republika","tag-ceske-budejovice","tag-cine-club-2","tag-decouverte-culturelle","tag-dny-frankofonie","tag-echange-culturel","tag-evenement-culturel","tag-francais","tag-francophonie","tag-francouzsku","tag-frankofonie","tag-kulturni-objevy","tag-kulturni-program","tag-kulturni-udalost","tag-kulturni-vymena","tag-programme","tag-rencontre"],"acf":[],"_links":{"self":[{"href":"https:\/\/www.alliancefrancaise.cz\/jiznicechy\/wp-json\/wp\/v2\/posts\/16761","targetHints":{"allow":["GET"]}}],"collection":[{"href":"https:\/\/www.alliancefrancaise.cz\/jiznicechy\/wp-json\/wp\/v2\/posts"}],"about":[{"href":"https:\/\/www.alliancefrancaise.cz\/jiznicechy\/wp-json\/wp\/v2\/types\/post"}],"author":[{"embeddable":true,"href":"https:\/\/www.alliancefrancaise.cz\/jiznicechy\/wp-json\/wp\/v2\/users\/4"}],"replies":[{"embeddable":true,"href":"https:\/\/www.alliancefrancaise.cz\/jiznicechy\/wp-json\/wp\/v2\/comments?post=16761"}],"version-history":[{"count":1,"href":"https:\/\/www.alliancefrancaise.cz\/jiznicechy\/wp-json\/wp\/v2\/posts\/16761\/revisions"}],"predecessor-version":[{"id":16766,"href":"https:\/\/www.alliancefrancaise.cz\/jiznicechy\/wp-json\/wp\/v2\/posts\/16761\/revisions\/16766"}],"wp:featuredmedia":[{"embeddable":true,"href":"https:\/\/www.alliancefrancaise.cz\/jiznicechy\/wp-json\/wp\/v2\/media\/16764"}],"wp:attachment":[{"href":"https:\/\/www.alliancefrancaise.cz\/jiznicechy\/wp-json\/wp\/v2\/media?parent=16761"}],"wp:term":[{"taxonomy":"category","embeddable":true,"href":"https:\/\/www.alliancefrancaise.cz\/jiznicechy\/wp-json\/wp\/v2\/categories?post=16761"},{"taxonomy":"post_tag","embeddable":true,"href":"https:\/\/www.alliancefrancaise.cz\/jiznicechy\/wp-json\/wp\/v2\/tags?post=16761"}],"curies":[{"name":"wp","href":"https:\/\/api.w.org\/{rel}","templated":true}]}}