{"id":16776,"date":"2025-03-06T16:00:44","date_gmt":"2025-03-06T15:00:44","guid":{"rendered":"https:\/\/www.alliancefrancaise.cz\/jiznicechy\/?p=16776"},"modified":"2026-02-16T15:08:55","modified_gmt":"2026-02-16T14:08:55","slug":"dny-frankofonie-2025","status":"publish","type":"post","link":"https:\/\/www.alliancefrancaise.cz\/jiznicechy\/dny-frankofonie-2025\/","title":{"rendered":"Dny frankofonie 2025"},"content":{"rendered":"\n<p>B\u0159ezen je m\u011bs\u00edcem frankofonie. Francouzsk\u00e1 Aliance Ji\u017en\u00ed \u010cechy po\u0159\u00e1d\u00e1 p\u0159i t\u00e9to p\u0159\u00edle\u017eitosti n\u011bkolik ud\u00e1lost\u00ed, kter\u00e9 nadchnou d\u011bti i dosp\u011bl\u00e9.<\/p>\n\n\n\n<h5 class=\"wp-block-heading\">Orienta\u010dn\u00ed b\u011bh<\/h5>\n\n\n\n<figure class=\"wp-block-image size-large is-resized\"><img loading=\"lazy\" decoding=\"async\" width=\"1360\" height=\"765\" src=\"https:\/\/www.alliancefrancaise.cz\/jiznicechy\/wp-content\/uploads\/2024\/02\/Course-orientation-CB-1360x765.png\" alt=\"\" class=\"wp-image-7314\" style=\"object-fit:cover;width:477px;height:auto\" srcset=\"https:\/\/www.alliancefrancaise.cz\/jiznicechy\/wp-content\/uploads\/2024\/02\/Course-orientation-CB-1360x765.png 1360w, https:\/\/www.alliancefrancaise.cz\/jiznicechy\/wp-content\/uploads\/2024\/02\/Course-orientation-CB-460x259.png 460w, https:\/\/www.alliancefrancaise.cz\/jiznicechy\/wp-content\/uploads\/2024\/02\/Course-orientation-CB-768x432.png 768w, https:\/\/www.alliancefrancaise.cz\/jiznicechy\/wp-content\/uploads\/2024\/02\/Course-orientation-CB.png 1920w\" sizes=\"auto, (max-width: 1360px) 100vw, 1360px\" \/><\/figure>\n\n\n\n<p>Alliance fran\u00e7aise nab\u00edz\u00ed student\u016fm Bigy tak\u00e9 orienta\u010dn\u00ed z\u00e1vod v centru \u010cesk\u00fdch Bud\u011bjovic. Jak\u00fd je c\u00edl? Spr\u00e1vn\u011b zodpov\u011bd\u011bt s\u00e9rii ot\u00e1zek o frankofonii a st\u00e1t se nejrychlej\u0161\u00edm t\u00fdmem!<br><a href=\"https:\/\/www.alliancefrancaise.cz\/jiznicechy\/vzdelavaci-workshopy\/\">Tak\u00e9 bych r\u00e1d zorganizoval tuto vzd\u011bl\u00e1vac\u00ed aktivitu se sv\u00fdmi studenty<\/a><\/p>\n\n\n\n<h5 class=\"wp-block-heading\">K\u00e1va po francouzsku<\/h5>\n\n\n\n<p><strong>Kde ?&nbsp;<\/strong>&#8211; U V\u00e1s, Kn\u011b\u017esk\u00e1 357\/28, \u010cesk\u00e9 Bud\u011bjovice 1, 370 01 \u010cesk\u00e9 Bud\u011bjovice<br><strong>Kdy ?<\/strong>&nbsp;&#8211; St\u0159eda 5. b\u0159ezna od 19h30.<\/p>\n\n\n\n<figure class=\"wp-block-image size-large is-resized\"><img loading=\"lazy\" decoding=\"async\" width=\"1360\" height=\"766\" src=\"https:\/\/www.alliancefrancaise.cz\/jiznicechy\/wp-content\/uploads\/2024\/02\/Cafe-francais-couv-FB-1360x766.png\" alt=\"Caf\u00e9 fran\u00e7ais (couverture)\" class=\"wp-image-7063\" style=\"aspect-ratio:1.7777777777777777;object-fit:cover;width:476px;height:auto\" srcset=\"https:\/\/www.alliancefrancaise.cz\/jiznicechy\/wp-content\/uploads\/2024\/02\/Cafe-francais-couv-FB-1360x766.png 1360w, https:\/\/www.alliancefrancaise.cz\/jiznicechy\/wp-content\/uploads\/2024\/02\/Cafe-francais-couv-FB-460x259.png 460w, https:\/\/www.alliancefrancaise.cz\/jiznicechy\/wp-content\/uploads\/2024\/02\/Cafe-francais-couv-FB-768x433.png 768w, https:\/\/www.alliancefrancaise.cz\/jiznicechy\/wp-content\/uploads\/2024\/02\/Cafe-francais-couv-FB.png 1640w\" sizes=\"auto, (max-width: 1360px) 100vw, 1360px\" \/><\/figure>\n\n\n\n<p><br>P\u0159ipojte se k n\u00e1m! P\u0159ij\u010fte str\u00e1vit p\u0159\u00edjemn\u00e9 chv\u00edle s dal\u0161\u00edmi francouzsky mluv\u00edc\u00edmi lidmi z regionu a diskutovat o aktu\u00e1ln\u00edch ud\u00e1lostech ve francouz\u0161tin\u011b v kav\u00e1rn\u011b U V\u00e1s.<\/p>\n\n\n\n<h5 class=\"wp-block-heading\">Journ\u00e9e de la Francophonie v P\u00edsku<\/h5>\n\n\n\n<p><strong>Kde?<\/strong>&nbsp;Gymn\u00e1zium P\u00edsek<br><strong>Kdy?<\/strong>&nbsp;\u010ctvrtek 13. b\u0159ezna&nbsp;<\/p>\n\n\n\n<figure class=\"wp-block-image size-full\"><img loading=\"lazy\" decoding=\"async\" width=\"347\" height=\"270\" src=\"https:\/\/www.alliancefrancaise.cz\/jiznicechy\/wp-content\/uploads\/2025\/03\/Francophonie-2025.jpg\" alt=\"\" class=\"wp-image-16788\" style=\"object-fit:cover\"\/><\/figure>\n\n\n\n<p><br>Alliance fran\u00e7aise a Alissa Cochet z Quebecu p\u0159ijedou do P\u00edsku, aby \u017e\u00e1k\u016fm evropsk\u00e9 sekce gymn\u00e1zia p\u0159edstavili kr\u00e1sy francouzsk\u00e9ho jazyka v Kanad\u011b! P\u0159ed\u00e1ny budou tak\u00e9 diplomy DELF student\u016fm, kte\u0159\u00ed zkou\u0161ku \u00fasp\u011b\u0161n\u011b slo\u017eili.<\/p>\n\n\n\n<p><a href=\"https:\/\/www.alliancefrancaise.cz\/jiznicechy\/vzdelavaci-workshopy\/\">Tak\u00e9 bych r\u00e1d zorganizoval tuto vzd\u011bl\u00e1vac\u00ed aktivitu se sv\u00fdmi studenty<\/a><\/p>\n\n\n\n<h5 class=\"wp-block-heading\">Quebeck\u00fd ve\u010der a frankofonie kv\u00edz<\/h5>\n\n\n\n<p><strong>Kde?<\/strong>&nbsp;Alliance Fran\u00e7aise Ji\u017en\u00ed \u010cechy<br><strong>Kdy?<\/strong>&nbsp;\u010ctvrtek 20. b\u0159ezna&nbsp;od 18:30<\/p>\n\n\n\n<figure class=\"wp-block-image size-large is-resized\"><img loading=\"lazy\" decoding=\"async\" width=\"1360\" height=\"765\" src=\"https:\/\/www.alliancefrancaise.cz\/jiznicechy\/wp-content\/uploads\/2025\/03\/soiree-Quebec-et-quiz-1-1360x765.jpg\" alt=\"\" class=\"wp-image-16795\" style=\"width:494px;height:auto\" srcset=\"https:\/\/www.alliancefrancaise.cz\/jiznicechy\/wp-content\/uploads\/2025\/03\/soiree-Quebec-et-quiz-1-1360x765.jpg 1360w, https:\/\/www.alliancefrancaise.cz\/jiznicechy\/wp-content\/uploads\/2025\/03\/soiree-Quebec-et-quiz-1-460x259.jpg 460w, https:\/\/www.alliancefrancaise.cz\/jiznicechy\/wp-content\/uploads\/2025\/03\/soiree-Quebec-et-quiz-1-768x432.jpg 768w, https:\/\/www.alliancefrancaise.cz\/jiznicechy\/wp-content\/uploads\/2025\/03\/soiree-Quebec-et-quiz-1.jpg 1920w\" sizes=\"auto, (max-width: 1360px) 100vw, 1360px\" \/><\/figure>\n\n\n\n<p>Quebec je kanadsk\u00e1 provincie, jej\u00edm\u017e \u00fa\u0159edn\u00edm jazykem je francouz\u0161tina. Quebec mo\u017en\u00e1 zn\u00e1te d\u00edky javorov\u00e9mu sirupu a hokeji. Alissa Cochet, kter\u00e1 z Quebecu poch\u00e1z\u00ed, v\u00e1m Quebec p\u0159edstav\u00ed a vy tak budete m\u00edt mo\u017enost dozv\u011bd\u011bt se o t\u00e9to kanadsk\u00e9 provincii mnohem v\u00edce. B\u0159ezen je v Quebecu pova\u017eov\u00e1n za obdob\u00ed sladkost\u00ed, tak\u017ee budete m\u00edt mo\u017enost ochutnat n\u011bkter\u00e9 quebeck\u00e9 sva\u010dinky.<br>Po prezentaci bude n\u00e1sledovat kv\u00edz o Quebecu a frankofonii, jeho\u017e v\u00edt\u011bze \u010dek\u00e1 mal\u00e1 odm\u011bna!<\/p>\n\n\n\n<p><em>Ve\u010der ve francouz\u0161tin\u011b <br>Po\u010det m\u00edst omezen na 20 osob<br>vstup zdarma &#8211; plat\u00edc\u00ed sva\u010dinka<\/em><\/p>\n\n\n\n<h5 class=\"wp-block-heading\">Breta\u0148sk\u00fd ve\u010der<\/h5>\n\n\n\n<p><strong>Kde?<\/strong>&nbsp;Alliance Fran\u00e7aise Ji\u017en\u00ed \u010cechy<br><strong>Kdy?<\/strong>&nbsp;St\u0159eda 26. b\u0159ezna&nbsp;od 19:00<\/p>\n\n\n\n<figure class=\"wp-block-image size-large is-resized\"><img loading=\"lazy\" decoding=\"async\" width=\"1360\" height=\"765\" src=\"https:\/\/www.alliancefrancaise.cz\/jiznicechy\/wp-content\/uploads\/2025\/03\/Soiree-Bretagne-1360x765.jpg\" alt=\"\" class=\"wp-image-16797\" style=\"aspect-ratio:1.7777777777777777;object-fit:cover;width:479px;height:auto\" srcset=\"https:\/\/www.alliancefrancaise.cz\/jiznicechy\/wp-content\/uploads\/2025\/03\/Soiree-Bretagne-1360x765.jpg 1360w, https:\/\/www.alliancefrancaise.cz\/jiznicechy\/wp-content\/uploads\/2025\/03\/Soiree-Bretagne-460x259.jpg 460w, https:\/\/www.alliancefrancaise.cz\/jiznicechy\/wp-content\/uploads\/2025\/03\/Soiree-Bretagne-768x432.jpg 768w, https:\/\/www.alliancefrancaise.cz\/jiznicechy\/wp-content\/uploads\/2025\/03\/Soiree-Bretagne.jpg 1920w\" sizes=\"auto, (max-width: 1360px) 100vw, 1360px\" \/><\/figure>\n\n\n\n<p>Breta\u0148 je francouzsk\u00fd region proslul\u00fd sv\u00fdmi kr\u00e1sn\u00fdmi pl\u00e1\u017eemi, ale tak\u00e9 vynikaj\u00edc\u00ed kuchyn\u00ed.<br>Navrhujeme ve\u010der s kr\u00e1tkou prezentac\u00ed Bretan\u011b, po kter\u00e9 bude n\u00e1sledovat j\u00eddlo v podob\u011b slan\u00fdch breta\u0148sk\u00fdch galet (\u0161unka, vejce, s\u00fdr) a sladk\u00fdch (cukr, d\u017eem, \u010dokol\u00e1da) s mo\u017enost\u00ed pit\u00ed cideru.<\/p>\n\n\n\n<p><em>Ve\u010der ve francouz\u0161tin\u011b a \u010de\u0161tin\u011b&nbsp;<br>Po\u010det m\u00edst omezen na 16 osob<br>110,- K\u010d (90,- K\u010d pro \u010dleny Alliance Fran\u00e7aise)<\/em><\/p>\n\n\n\n<p><\/p>\n\n\n\n<h5 class=\"wp-block-heading\">Filmov\u00fd klub \u00abEn Corps \u00bb<\/h5>\n\n\n\n<p><strong>Kde?<\/strong>&nbsp;Alliance Fran\u00e7aise Ji\u017en\u00ed \u010cechy<br><strong>Kdy?&nbsp;<\/strong>\u010ctvrtek 27. b\u0159ezna, od 19:00 hodin<\/p>\n\n\n\n<figure class=\"wp-block-image size-full is-resized\"><img loading=\"lazy\" decoding=\"async\" width=\"1023\" height=\"682\" src=\"https:\/\/www.alliancefrancaise.cz\/jiznicechy\/wp-content\/uploads\/2025\/03\/en-corps-1.jpg\" alt=\"\" class=\"wp-image-16764\" style=\"aspect-ratio:1.7777777777777777;object-fit:cover;width:477px;height:auto\" srcset=\"https:\/\/www.alliancefrancaise.cz\/jiznicechy\/wp-content\/uploads\/2025\/03\/en-corps-1.jpg 1023w, https:\/\/www.alliancefrancaise.cz\/jiznicechy\/wp-content\/uploads\/2025\/03\/en-corps-1-460x307.jpg 460w, https:\/\/www.alliancefrancaise.cz\/jiznicechy\/wp-content\/uploads\/2025\/03\/en-corps-1-768x512.jpg 768w, https:\/\/www.alliancefrancaise.cz\/jiznicechy\/wp-content\/uploads\/2025\/03\/en-corps-1-440x294.jpg 440w\" sizes=\"auto, (max-width: 1023px) 100vw, 1023px\" \/><\/figure>\n\n\n\n<p><br>26let\u00e1 Elise je skv\u011bl\u00e1 baletka. B\u011bhem p\u0159edstaven\u00ed se zran\u00ed a dozv\u00edd\u00e1 se, \u017ee u\u017e nebude moci tan\u010dit. Jej\u00ed \u017eivot se obr\u00e1t\u00ed vzh\u016fru nohama a ona se mus\u00ed nau\u010dit, jak se napravit\u2026 Mezi Pa\u0159\u00ed\u017e\u00ed a Bretan\u00ed, p\u0159es setk\u00e1n\u00ed a z\u00e1\u017eitky, zklam\u00e1n\u00ed a nad\u011bje se Elise sbli\u017euje se souborem sou\u010dasn\u00e9ho tance. Tento nov\u00fd zp\u016fsob tance j\u00ed d\u00e1 nov\u00fd impuls a nov\u00fd zp\u016fsob \u017eivota.<br><em>Prom\u00edt\u00e1n\u00ed ve francouzsk\u00e9m origin\u00e1le s \u010desk\u00fdmi titulky<br>Vstup zdarma, s podporou IFCin\u00e9ma<\/em><\/p>\n\n\n\n<p><mark style=\"background-color:rgba(0, 0, 0, 0)\" class=\"has-inline-color has-red-color\">Nev\u00e1hejte a p\u0159ij\u010fte s n\u00e1mi oslavit Dny frankofonie!<br>Co jsou Dny frankofonie? Dny frankofonie jsou ka\u017edoro\u010dn\u011b oslavov\u00e1ny 300 miliony lid\u00ed po cel\u00e9m sv\u011bt\u011b. Mezin\u00e1rodn\u00ed den frankofonie p\u0159ipad\u00e1 na 20. b\u0159ezna, nicm\u00e9n\u011b ud\u00e1losti oslavuj\u00edc\u00ed frankofonii z\u00e1jemc\u016fm nab\u00eddnou program b\u011bhem cel\u00e9ho m\u011bs\u00edce b\u0159ezna.<\/mark><\/p>\n\n\n\n<p><mark style=\"background-color:rgba(0, 0, 0, 0)\" class=\"has-inline-color has-red-color\">Francouzsk\u00fd jazyk v \u010d\u00edslech:<br>321 milion\u016f lid\u00ed na cel\u00e9m sv\u011bt\u011b mluv\u00ed francouzsky<br>5. nejpou\u017e\u00edvan\u011bj\u0161\u00ed jazyk na sv\u011bt\u011b<br>93 milion\u016f \u017e\u00e1k\u016f a student\u016f m\u00e1 francouz\u0161tinu jako vyu\u010dovac\u00ed jazyk<br>4. jazyk na internetu<br>51 milion\u016f lid\u00ed se u\u010d\u00ed francouzsky<\/mark><\/p>\n","protected":false},"excerpt":{"rendered":"<p>B\u0159ezen je m\u011bs\u00edcem frankofonie. Francouzsk\u00e1 Aliance Ji\u017en\u00ed \u010cechy po\u0159\u00e1d\u00e1 p\u0159i t\u00e9to p\u0159\u00edle\u017eitosti n\u011bkolik ud\u00e1lost\u00ed, kter\u00e9 nadchnou d\u011bti i dosp\u011bl\u00e9.<\/p>\n","protected":false},"author":4,"featured_media":16758,"comment_status":"closed","ping_status":"closed","sticky":false,"template":"","format":"standard","meta":{"_acf_changed":false,"footnotes":""},"categories":[7],"tags":[89,97,92,86,87,538,94,95,537,85,96,93,41,88,90],"class_list":["post-16776","post","type-post","status-publish","format-standard","has-post-thumbnail","hentry","category-dny-frankofonie","tag-alliance-francaise","tag-ceska-republika","tag-dny-frankofonie","tag-evenements-culturels","tag-francophonie","tag-francophonie-2025","tag-francouzstina","tag-frankofonie","tag-frankofonie-2025","tag-journees-de-la-francophonie","tag-kulturni-program","tag-kulturni-udalosti","tag-langue-francaise","tag-programme-culturel","tag-tchequie"],"acf":[],"_links":{"self":[{"href":"https:\/\/www.alliancefrancaise.cz\/jiznicechy\/wp-json\/wp\/v2\/posts\/16776","targetHints":{"allow":["GET"]}}],"collection":[{"href":"https:\/\/www.alliancefrancaise.cz\/jiznicechy\/wp-json\/wp\/v2\/posts"}],"about":[{"href":"https:\/\/www.alliancefrancaise.cz\/jiznicechy\/wp-json\/wp\/v2\/types\/post"}],"author":[{"embeddable":true,"href":"https:\/\/www.alliancefrancaise.cz\/jiznicechy\/wp-json\/wp\/v2\/users\/4"}],"replies":[{"embeddable":true,"href":"https:\/\/www.alliancefrancaise.cz\/jiznicechy\/wp-json\/wp\/v2\/comments?post=16776"}],"version-history":[{"count":11,"href":"https:\/\/www.alliancefrancaise.cz\/jiznicechy\/wp-json\/wp\/v2\/posts\/16776\/revisions"}],"predecessor-version":[{"id":16800,"href":"https:\/\/www.alliancefrancaise.cz\/jiznicechy\/wp-json\/wp\/v2\/posts\/16776\/revisions\/16800"}],"wp:featuredmedia":[{"embeddable":true,"href":"https:\/\/www.alliancefrancaise.cz\/jiznicechy\/wp-json\/wp\/v2\/media\/16758"}],"wp:attachment":[{"href":"https:\/\/www.alliancefrancaise.cz\/jiznicechy\/wp-json\/wp\/v2\/media?parent=16776"}],"wp:term":[{"taxonomy":"category","embeddable":true,"href":"https:\/\/www.alliancefrancaise.cz\/jiznicechy\/wp-json\/wp\/v2\/categories?post=16776"},{"taxonomy":"post_tag","embeddable":true,"href":"https:\/\/www.alliancefrancaise.cz\/jiznicechy\/wp-json\/wp\/v2\/tags?post=16776"}],"curies":[{"name":"wp","href":"https:\/\/api.w.org\/{rel}","templated":true}]}}