{"id":16959,"date":"2025-04-22T15:33:40","date_gmt":"2025-04-22T13:33:40","guid":{"rendered":"https:\/\/www.alliancefrancaise.cz\/jiznicechy\/?p=16959"},"modified":"2026-02-16T15:08:49","modified_gmt":"2026-02-16T14:08:49","slug":"cine-club-un-vrai-bonhomme","status":"publish","type":"post","link":"https:\/\/www.alliancefrancaise.cz\/jiznicechy\/cine-club-un-vrai-bonhomme\/","title":{"rendered":"Cin\u00e9-club: Vzmu\u017e se!"},"content":{"rendered":"\n<p>Tom, plach\u00fd a citliv\u00fd adolescent, se chyst\u00e1 nastoupit na novou \u0161kolu. S usazen\u00edm mu pom\u016f\u017ee L\u00e9o, jeho star\u0161\u00ed bratr a mentor. L\u00e9o se rozhodne ud\u011blat z Toma skute\u010dn\u00e9ho mu\u017ee, ale jeho v\u0161udyp\u0159\u00edtomnost se rychle zm\u011bn\u00ed v toxick\u00fd vliv. Tom bude muset bojovat, aby se vymanil z L\u00e9ova sev\u0159en\u00ed a na\u0161el svou vlastn\u00ed cestu&#8230;<\/p>\n\n\n\n<p><em>Film Benjamina Parenta- 2019- 1h28- Fiction- Komedi\u00e1ln\u00ed drama, Fantastick\u00fd, Pro mlad\u00e9 div\u00e1ky a pro dosp\u011bl\u00e9<br>s Benjaminem Voisinem, Thomasem Guyem, Isabelle Carr\u00e9, Laurentem Lucasem<\/em><\/p>\n\n\n\n<ul class=\"wp-block-list\">\n<li><strong>Kdy?<\/strong> \u010ctvrtek 22. kv\u011btna v 19.00 hodin<\/li>\n\n\n\n<li><strong>Kde?<\/strong> Alliance Fran\u00e7aise Ji\u017en\u00ed \u010cechy &#8211; N\u00e1m\u011bst\u00ed P\u0159emysla Otakara II. 79\/21, \u010cesk\u00e9 Bud\u011bjovice<\/li>\n\n\n\n<li><strong>Jazyk?<\/strong> p\u016fvodn\u00ed francouzsk\u00e9 zn\u011bn\u00ed, \u010desk\u00e9 titulky <\/li>\n\n\n\n<li><strong>Cena?<\/strong> Zdarma<\/li>\n<\/ul>\n\n\n\n<p><\/p>\n\n\n\n<p><\/p>\n\n\n\n<p><\/p>\n\n\n\n<p><\/p>\n\n\n\n<p><\/p>\n\n\n\n<p><\/p>\n\n\n\n<p><\/p>\n\n\n\n<p><\/p>\n\n\n\n<p><\/p>\n\n\n\n<p><\/p>\n\n\n\n<p><\/p>\n\n\n\n<p><\/p>\n\n\n\n<p><\/p>\n","protected":false},"excerpt":{"rendered":"<p>Film Benjamina Parenta- 2019- 1h28- Fiction- Komedi\u00e1ln\u00ed drama, Fantastick\u00fd, Pro mlad\u00e9 div\u00e1ky a pro dosp\u011bl\u00e9<br \/>\ns Benjaminem Voisinem, Thomasem Guyem, Isabelle Carr\u00e9, Laurentem Lucasem<\/p>\n","protected":false},"author":4,"featured_media":16962,"comment_status":"closed","ping_status":"closed","sticky":false,"template":"","format":"standard","meta":{"_acf_changed":false,"footnotes":""},"categories":[52],"tags":[472,468,89,123,97,45,464,469,92,470,175,58,87,59,95,466,96,179,467,471,42,539,540],"class_list":["post-16959","post","type-post","status-publish","format-standard","has-post-thumbnail","hentry","category-filmovy-klub","tag-afjiznicechy","tag-aliance-francouzstina","tag-alliance-francaise","tag-alliance-francaise-jizni-cechy","tag-ceska-republika","tag-ceske-budejovice","tag-cine-club-2","tag-decouverte-culturelle","tag-dny-frankofonie","tag-echange-culturel","tag-evenement-culturel","tag-francais","tag-francophonie","tag-francouzsku","tag-frankofonie","tag-kulturni-objevy","tag-kulturni-program","tag-kulturni-udalost","tag-kulturni-vymena","tag-programme","tag-rencontre","tag-un-vrai-bonhomme","tag-vzmuz-se"],"acf":[],"_links":{"self":[{"href":"https:\/\/www.alliancefrancaise.cz\/jiznicechy\/wp-json\/wp\/v2\/posts\/16959","targetHints":{"allow":["GET"]}}],"collection":[{"href":"https:\/\/www.alliancefrancaise.cz\/jiznicechy\/wp-json\/wp\/v2\/posts"}],"about":[{"href":"https:\/\/www.alliancefrancaise.cz\/jiznicechy\/wp-json\/wp\/v2\/types\/post"}],"author":[{"embeddable":true,"href":"https:\/\/www.alliancefrancaise.cz\/jiznicechy\/wp-json\/wp\/v2\/users\/4"}],"replies":[{"embeddable":true,"href":"https:\/\/www.alliancefrancaise.cz\/jiznicechy\/wp-json\/wp\/v2\/comments?post=16959"}],"version-history":[{"count":2,"href":"https:\/\/www.alliancefrancaise.cz\/jiznicechy\/wp-json\/wp\/v2\/posts\/16959\/revisions"}],"predecessor-version":[{"id":16965,"href":"https:\/\/www.alliancefrancaise.cz\/jiznicechy\/wp-json\/wp\/v2\/posts\/16959\/revisions\/16965"}],"wp:featuredmedia":[{"embeddable":true,"href":"https:\/\/www.alliancefrancaise.cz\/jiznicechy\/wp-json\/wp\/v2\/media\/16962"}],"wp:attachment":[{"href":"https:\/\/www.alliancefrancaise.cz\/jiznicechy\/wp-json\/wp\/v2\/media?parent=16959"}],"wp:term":[{"taxonomy":"category","embeddable":true,"href":"https:\/\/www.alliancefrancaise.cz\/jiznicechy\/wp-json\/wp\/v2\/categories?post=16959"},{"taxonomy":"post_tag","embeddable":true,"href":"https:\/\/www.alliancefrancaise.cz\/jiznicechy\/wp-json\/wp\/v2\/tags?post=16959"}],"curies":[{"name":"wp","href":"https:\/\/api.w.org\/{rel}","templated":true}]}}