{"id":16968,"date":"2025-04-29T07:19:40","date_gmt":"2025-04-29T05:19:40","guid":{"rendered":"https:\/\/www.alliancefrancaise.cz\/jiznicechy\/?p=16968"},"modified":"2026-02-16T15:08:45","modified_gmt":"2026-02-16T14:08:45","slug":"festival-bonjour-budejovice-2025","status":"publish","type":"post","link":"https:\/\/www.alliancefrancaise.cz\/jiznicechy\/festival-bonjour-budejovice-2025\/","title":{"rendered":"Festival Bonjour Bud\u011bjovice 2025"},"content":{"rendered":"\n<p>Alliance Fran\u00e7aise Ji\u017en\u00ed \u010cechy ve spolupr\u00e1ci se sv\u00fdmi partnery ka\u017edoro\u010dn\u011b organizuje multikulturn\u00ed Festival Bonjour Bud\u011bjovice. Tato akce, kter\u00e1 je v\u00fdznamnou ud\u00e1lost\u00ed oslavuj\u00edc\u00ed francouzskou, frankofonn\u00ed i \u010deskou kulturu, si klade za c\u00edl oslavit p\u0159\u00e1telsk\u00e9 vazby mezi Franci\u00ed a \u010ceskou republikou. Od 11. do 27. \u010dervna 2025 p\u0159edstav\u00edme ji\u017e 29. ro\u010dn\u00edk festivalu, kter\u00fd op\u011bt uct\u00ed partnerstv\u00ed mezi m\u011bsty Lorient (Breta\u0148, Francie) a \u010cesk\u00e9 Bud\u011bjovice (Jiho\u010desk\u00fd kraj, \u010cesk\u00e1 republika). <\/p>\n\n\n\n<h5 class=\"wp-block-heading\">Vernis\u00e1\u017e v\u00fdstavy\u201e Un monde sans fin \u201c<\/h5>\n\n\n\n<p><strong>Kdy?<\/strong> St\u0159eda 11. \u010dervna, od 17h00<br><strong>Kde?<\/strong> Alliance Fran\u00e7aise Ji\u017en\u00ed \u010cechy, N\u00e1m\u011bst\u00ed P\u0159emysla Otakara II. 21, \u010cB <br><strong>Cena?<\/strong> Zdarma, ob\u010derstven\u00ed zaji\u0161t\u011bno<\/p>\n\n\n\n<h5 class=\"wp-block-heading\">Le March\u00e9, trh s francouzsk\u00fdmi produkty<\/h5>\n\n\n\n<p><strong>Kdy?<\/strong> P\u00e1tek 13. \u010dervna, od 9:00 do 22:00<br><strong>Kde?<\/strong> Piaristick\u00e9 n\u00e1m\u011bst\u00ed, \u010cesk\u00e9 Bud\u011bjovice<br><strong>Cena?<\/strong> Zdarma, mo\u017enost zakoupen\u00ed j\u00eddla a pit\u00ed<\/p>\n\n\n\n<h5 class=\"wp-block-heading\">Odpoledne s p\u00e9tanque<\/h5>\n\n\n\n<p><strong>Kdy?<\/strong> Sobota 14. \u010dervna, od 14:00<br><strong>Kde?<\/strong> H\u0159i\u0161t\u011b p\u00e9tanque, Roudensk\u00e1 33, \u010cB<br><strong>Cena?<\/strong> Zdarma<\/p>\n\n\n\n<h5 class=\"wp-block-heading\">Ochutn\u00e1vka francouzsk\u00fdch v\u00edn<\/h5>\n\n\n\n<p><strong>Kdy?<\/strong> St\u0159eda 18. \u010dervna, od 18h<br><strong>Kde?<\/strong> Farkat\u00e9ka Farka Roman &#8211; Dr. Stejskala 111, \u010cB<br><strong>Jazyk?<\/strong> \u010ce\u0161tina<br><strong>Cena?<\/strong> 350,- K\u010d (300,- K\u010d pro \u010dleny Alliance Fran\u00e7aise)<\/p>\n\n\n\n<h5 class=\"wp-block-heading\">Kosmetick\u00fd workshop<\/h5>\n\n\n\n<p><strong>Kdy?<\/strong>P\u00e1tek 20. \u010dervna, od 17:00<br><strong>Kde? <\/strong>Alliance Fran\u00e7aise Ji\u017en\u00ed \u010cechy, N\u00e1m\u011bst\u00ed P\u0159emysla Otakara II. 21, \u010cB Jazyk? \u010ce\u0161tina<br><strong>Cena?<\/strong> 300,- K\u010d (250,- K\u010d pro \u010dleny Alliance Fran\u00e7aise)<\/p>\n\n\n\n<h5 class=\"wp-block-heading\">F\u00eate de la musique (Sv\u00e1tek hudby)<\/h5>\n\n\n\n<p><strong>Kdy?<\/strong> Sobota 21. \u010dervna<br><strong>Kde?<\/strong> \u010cesk\u00e9 Bud\u011bjovice<br><strong>Cena?<\/strong> Zdarma<\/p>\n\n\n\n<h5 class=\"wp-block-heading\">Liter\u00e1rn\u00ed ve\u010der : Provence ve francouzsk\u00e9 a \u010desk\u00e9 literatu\u0159e<\/h5>\n\n\n\n<p><strong>Kdy?<\/strong> \u00dater\u00fd 24. \u010dervna v 17.00 hod.<br><strong>Kde?<\/strong> Jiho\u010desk\u00e1 v\u011bdeck\u00e1 knihovna v \u010cesk\u00fdch Bud\u011bjovic\u00edch, Lidick\u00e1 t\u0159. 1, \u010cB<br><strong>Jazyk?<\/strong> \u010ce\u0161tina<br><strong>Cena? <\/strong>Zdarma<\/p>\n\n\n\n<h5 class=\"wp-block-heading\">&#8222;Ko\u010di\u010d\u00ed odysea&#8220; v Biografu Kotva<\/h5>\n\n\n\n<p><strong>Kdy?<\/strong> Ned\u011ble 22. \u010dervna v 16.00 hod.<br><strong>Kde?<\/strong> Biograf Kotva, Lidick\u00e1 t\u0159. 2110, \u010cesk\u00e9 Bud\u011bjovice<br><strong>Jazyk?<\/strong> \u010ce\u0161tina<br><strong>Cena? <\/strong>160 K\u010c<\/p>\n\n\n\n<h5 class=\"wp-block-heading\">&#8222;Kapelo, hraj&#8220;v Biografu Kotva<\/h5>\n\n\n\n<p><strong>Kdy?<\/strong> Ned\u011ble 22. \u010dervna v 18.00 hod.<br><strong>Kde?<\/strong> Biograf Kotva, Lidick\u00e1 t\u0159. 2110, \u010cesk\u00e9 Bud\u011bjovice<br><strong>Jazyk?<\/strong> \u010ce\u0161tina<br><strong>Cena? <\/strong>160 K\u010c<\/p>\n\n\n\n<h5 class=\"wp-block-heading\">Belgick\u00fd ve\u010der<\/h5>\n\n\n\n<p><strong>Kdy? <\/strong>\u010ctvrtek 26. \u010dervna, od 18:30<br><strong>Kde?<\/strong> Alliance Fran\u00e7aise Ji\u017en\u00ed \u010cechy, N\u00e1m\u011bst\u00ed P\u0159emysla Otakara II. 21, \u010cB Jazyk? \u010ce\u0161tina a francouzsky<br><strong>Cena?<\/strong> 300,- K\u010d (250,- K\u010d pro \u010dleny Alliance Fran\u00e7aise)<\/p>\n\n\n\n<h5 class=\"wp-block-heading\">Francouzsk\u00fd ve\u010der v Letn\u00edm kin\u011b : \u201cRatatouille\u201d<\/h5>\n\n\n\n<p><strong>Kdy?<\/strong> P\u00e1tek 27. \u010dervna od 21:30<br><strong>Kde?<\/strong> Letn\u00ed kino H\u00e1je\u010dek, Franti\u0161ka Anton\u00edna Gerstnera 8, \u010cB<\/p>\n\n\n\n<p><strong>Jazyk?<\/strong> \u010ce\u0161tina<br><strong>Cena? <\/strong>100 K\u010c<\/p>\n\n\n\n<p><\/p>\n\n\n\n<p><\/p>\n","protected":false},"excerpt":{"rendered":"<p>Alliance Fran\u00e7aise Ji\u017en\u00ed \u010cechy ve spolupr\u00e1ci se sv\u00fdmi partnery ka\u017edoro\u010dn\u011b organizuje multikulturn\u00ed Festival Bonjour Bud\u011bjovice. Tato akce, kter\u00e1 je skute\u010dnou ud\u00e1lost\u00ed oslavuj\u00edc\u00ed francouzskou, frankofonn\u00ed i \u010deskou kulturu, si klade za c\u00edl oslavit p\u0159\u00e1telsk\u00e9 vazby mezi Franci\u00ed a \u010ceskou republikou. <\/p>\n","protected":false},"author":4,"featured_media":16974,"comment_status":"closed","ping_status":"closed","sticky":false,"template":"","format":"standard","meta":{"_acf_changed":false,"footnotes":""},"categories":[8],"tags":[89,174,178,173,97,177,176,175,87,180,94,95,96,179,41,88],"class_list":["post-16968","post","type-post","status-publish","format-standard","has-post-thumbnail","hentry","category-festival-bonjour-budejovice","tag-alliance-francaise","tag-alliance-francaise-budweis","tag-alliances-francaises-en-republique-tcheque","tag-bonjour-budejovice","tag-ceska-republika","tag-communaute-francophone","tag-cours-de-francais","tag-evenement-culturel","tag-francophonie","tag-francouzska-komunita","tag-francouzstina","tag-frankofonie","tag-kulturni-program","tag-kulturni-udalost","tag-langue-francaise","tag-programme-culturel"],"acf":[],"_links":{"self":[{"href":"https:\/\/www.alliancefrancaise.cz\/jiznicechy\/wp-json\/wp\/v2\/posts\/16968","targetHints":{"allow":["GET"]}}],"collection":[{"href":"https:\/\/www.alliancefrancaise.cz\/jiznicechy\/wp-json\/wp\/v2\/posts"}],"about":[{"href":"https:\/\/www.alliancefrancaise.cz\/jiznicechy\/wp-json\/wp\/v2\/types\/post"}],"author":[{"embeddable":true,"href":"https:\/\/www.alliancefrancaise.cz\/jiznicechy\/wp-json\/wp\/v2\/users\/4"}],"replies":[{"embeddable":true,"href":"https:\/\/www.alliancefrancaise.cz\/jiznicechy\/wp-json\/wp\/v2\/comments?post=16968"}],"version-history":[{"count":6,"href":"https:\/\/www.alliancefrancaise.cz\/jiznicechy\/wp-json\/wp\/v2\/posts\/16968\/revisions"}],"predecessor-version":[{"id":18030,"href":"https:\/\/www.alliancefrancaise.cz\/jiznicechy\/wp-json\/wp\/v2\/posts\/16968\/revisions\/18030"}],"wp:featuredmedia":[{"embeddable":true,"href":"https:\/\/www.alliancefrancaise.cz\/jiznicechy\/wp-json\/wp\/v2\/media\/16974"}],"wp:attachment":[{"href":"https:\/\/www.alliancefrancaise.cz\/jiznicechy\/wp-json\/wp\/v2\/media?parent=16968"}],"wp:term":[{"taxonomy":"category","embeddable":true,"href":"https:\/\/www.alliancefrancaise.cz\/jiznicechy\/wp-json\/wp\/v2\/categories?post=16968"},{"taxonomy":"post_tag","embeddable":true,"href":"https:\/\/www.alliancefrancaise.cz\/jiznicechy\/wp-json\/wp\/v2\/tags?post=16968"}],"curies":[{"name":"wp","href":"https:\/\/api.w.org\/{rel}","templated":true}]}}