{"id":17403,"date":"2025-10-31T15:11:46","date_gmt":"2025-10-31T14:11:46","guid":{"rendered":"https:\/\/www.alliancefrancaise.cz\/jiznicechy\/?p=17403"},"modified":"2026-02-16T15:08:18","modified_gmt":"2026-02-16T14:08:18","slug":"objevovani-beaujolais-nouveau-a-lyonu","status":"publish","type":"post","link":"https:\/\/www.alliancefrancaise.cz\/jiznicechy\/objevovani-beaujolais-nouveau-a-lyonu\/","title":{"rendered":"OBJEVOV\u00c1N\u00cd BEAUJOLAIS NOUVEAU A LYONU"},"content":{"rendered":"\n<p>Zveme v\u00e1s na ve\u010der v\u011bnovan\u00fd <strong>Beaujolais nouveau<\/strong>, jeho <strong>tradic\u00edm<\/strong> a <strong>kraji Beaujolais<\/strong>, ale tak\u00e9 <strong>Lyonu<\/strong>, m\u011bstu <strong>brat\u0159\u00ed Lumi\u00e8r\u016f<\/strong>, pr\u016fkopn\u00edk\u016f sv\u011btov\u00e9 kinematografie \ud83c\udfac.<\/p>\n\n\n\n<p>\u010cek\u00e1 v\u00e1s <strong>degustace v\u00edna Beaujolais nouveau<\/strong> v p\u0159\u00e1telsk\u00e9 atmosf\u00e9\u0159e, t\u011bsn\u011b p\u0159ed <strong>zahajovac\u00edm filmem Festivalu francouzsk\u00e9ho filmu Bonjour Bud\u011bjovice<\/strong>.<\/p>\n\n\n\n<p>\ud83d\udccd <strong>Kav\u00e1rna Biograf Kotva<\/strong><br>\ud83d\udd61 <strong>Od 18:30<\/strong><\/p>\n\n\n\n<p>P\u0159ij\u010fte s n\u00e1mi oslavit v\u00edno, sv\u011btlo a francouzsk\u00fd film! \ud83c\uddeb\ud83c\uddf7<\/p>\n\n\n\n<p><\/p>\n","protected":false},"excerpt":{"rendered":"<p>Zveme v\u00e1s na ve\u010der v\u011bnovan\u00fd Beaujolais nouveau, jeho tradic\u00edm a kraji Beaujolais, ale tak\u00e9 Lyonu, m\u011bstu brat\u0159\u00ed Lumi\u00e8r\u016f, pr\u016fkopn\u00edk\u016f sv\u011btov\u00e9 kinematografie<\/p>\n","protected":false},"author":4,"featured_media":17404,"comment_status":"closed","ping_status":"closed","sticky":false,"template":"","format":"standard","meta":{"_acf_changed":false,"footnotes":""},"categories":[54],"tags":[89,123,97,175,266,265,96],"class_list":["post-17403","post","type-post","status-publish","format-standard","has-post-thumbnail","hentry","category-festival-francouzskeho-filmu","tag-alliance-francaise","tag-alliance-francaise-jizni-cechy","tag-ceska-republika","tag-evenement-culturel","tag-festival-du-film-francais","tag-festival-francouzskeho-filmu","tag-kulturni-program"],"acf":[],"_links":{"self":[{"href":"https:\/\/www.alliancefrancaise.cz\/jiznicechy\/wp-json\/wp\/v2\/posts\/17403","targetHints":{"allow":["GET"]}}],"collection":[{"href":"https:\/\/www.alliancefrancaise.cz\/jiznicechy\/wp-json\/wp\/v2\/posts"}],"about":[{"href":"https:\/\/www.alliancefrancaise.cz\/jiznicechy\/wp-json\/wp\/v2\/types\/post"}],"author":[{"embeddable":true,"href":"https:\/\/www.alliancefrancaise.cz\/jiznicechy\/wp-json\/wp\/v2\/users\/4"}],"replies":[{"embeddable":true,"href":"https:\/\/www.alliancefrancaise.cz\/jiznicechy\/wp-json\/wp\/v2\/comments?post=17403"}],"version-history":[{"count":1,"href":"https:\/\/www.alliancefrancaise.cz\/jiznicechy\/wp-json\/wp\/v2\/posts\/17403\/revisions"}],"predecessor-version":[{"id":17406,"href":"https:\/\/www.alliancefrancaise.cz\/jiznicechy\/wp-json\/wp\/v2\/posts\/17403\/revisions\/17406"}],"wp:featuredmedia":[{"embeddable":true,"href":"https:\/\/www.alliancefrancaise.cz\/jiznicechy\/wp-json\/wp\/v2\/media\/17404"}],"wp:attachment":[{"href":"https:\/\/www.alliancefrancaise.cz\/jiznicechy\/wp-json\/wp\/v2\/media?parent=17403"}],"wp:term":[{"taxonomy":"category","embeddable":true,"href":"https:\/\/www.alliancefrancaise.cz\/jiznicechy\/wp-json\/wp\/v2\/categories?post=17403"},{"taxonomy":"post_tag","embeddable":true,"href":"https:\/\/www.alliancefrancaise.cz\/jiznicechy\/wp-json\/wp\/v2\/tags?post=17403"}],"curies":[{"name":"wp","href":"https:\/\/api.w.org\/{rel}","templated":true}]}}