{"id":17895,"date":"2026-01-06T17:03:58","date_gmt":"2026-01-06T16:03:58","guid":{"rendered":"https:\/\/www.alliancefrancaise.cz\/jiznicechy\/?p=17895"},"modified":"2026-02-23T13:07:26","modified_gmt":"2026-02-23T12:07:26","slug":"cine-club-rise-zvirat","status":"publish","type":"post","link":"https:\/\/www.alliancefrancaise.cz\/jiznicechy\/cine-club-rise-zvirat\/","title":{"rendered":"Cin\u00e9-club: \u0158\u00ed\u0161e zv\u00ed\u0159at"},"content":{"rendered":"\n<p>Ve sv\u011bt\u011b zm\u00edtan\u00e9m vlnou mutac\u00ed, kter\u00e9 postupn\u011b m\u011bn\u00ed n\u011bkter\u00e9 lidi ve zv\u00ed\u0159ata, Fran\u00e7ois d\u011bl\u00e1 v\u0161e pro to, aby zachr\u00e1nil svou \u017eenu, kterou postihla tato z\u00e1hadn\u00e1 nemoc. Zat\u00edmco se region zapl\u0148uje nov\u00fdm druhem tvor\u016f, vyd\u00e1v\u00e1 se se sv\u00fdm \u0161estn\u00e1ctilet\u00fdm synem \u00c9milem na cestu, kter\u00e1 nav\u017edy zm\u011bn\u00ed jejich \u017eivoty.<\/p>\n\n\n\n<p>\u0158\u00ed\u0161e zv\u00ed\u0159at &#8211; Film Thomase Cailleye (2023) &#8211; 128 min. &#8211; Sci-Fi \/ Dobrodru\u017en\u00fd \/ Drama<br>s Romainem Durisem, Ad\u00e8le Exarchopoulos, Paulem Kircherem a Tomem Mercierem<\/p>\n\n\n\n<ul class=\"wp-block-list\">\n<li><strong>Kdy?<\/strong> \u010ctvrtek 29. ledna v 19.00 hodin<\/li>\n\n\n\n<li><strong>Kde?<\/strong> Alliance Fran\u00e7aise Ji\u017en\u00ed \u010cechy &#8211; N\u00e1m\u011bst\u00ed P\u0159emysla Otakara II. 79\/21, \u010cesk\u00e9 Bud\u011bjovice<\/li>\n\n\n\n<li><strong>Jazyk?<\/strong> p\u016fvodn\u00ed francouzsk\u00e9 zn\u011bn\u00ed, \u010desk\u00e9 titulky <\/li>\n\n\n\n<li><strong>Cena?<\/strong> Zdarma<\/li>\n<\/ul>\n\n\n\n<p><\/p>\n\n\n\n<p><\/p>\n\n\n\n<p><\/p>\n\n\n\n<p><\/p>\n\n\n\n<p><\/p>\n\n\n\n<p><\/p>\n\n\n\n<p><\/p>\n\n\n\n<p><\/p>\n\n\n\n<p><\/p>\n\n\n\n<p><\/p>\n\n\n\n<p><\/p>\n\n\n\n<p><\/p>\n\n\n\n<p><\/p>\n","protected":false},"excerpt":{"rendered":"<p>Film Thomase Cailleye (2023) &#8211; 128 min. &#8211; Sci-Fi \/ Dobrodru\u017en\u00fd \/ Drama<br \/>\ns Romainem Durisem, Ad\u00e8le Exarchopoulos, Paulem Kircherem a Tomem Mercierem<\/p>\n","protected":false},"author":4,"featured_media":17898,"comment_status":"closed","ping_status":"closed","sticky":false,"template":"","format":"standard","meta":{"_acf_changed":false,"footnotes":""},"categories":[52],"tags":[472,468,89,123,97,45,464,469,92,470,175,552,58,87,59,95,466,96,179,467,553,471,42,554],"class_list":["post-17895","post","type-post","status-publish","format-standard","has-post-thumbnail","hentry","category-filmovy-klub","tag-afjiznicechy","tag-aliance-francouzstina","tag-alliance-francaise","tag-alliance-francaise-jizni-cechy","tag-ceska-republika","tag-ceske-budejovice","tag-cine-club-2","tag-decouverte-culturelle","tag-dny-frankofonie","tag-echange-culturel","tag-evenement-culturel","tag-film","tag-francais","tag-francophonie","tag-francouzsku","tag-frankofonie","tag-kulturni-objevy","tag-kulturni-program","tag-kulturni-udalost","tag-kulturni-vymena","tag-le-regne-animal","tag-programme","tag-rencontre","tag-rise-zvirat"],"acf":[],"_links":{"self":[{"href":"https:\/\/www.alliancefrancaise.cz\/jiznicechy\/wp-json\/wp\/v2\/posts\/17895","targetHints":{"allow":["GET"]}}],"collection":[{"href":"https:\/\/www.alliancefrancaise.cz\/jiznicechy\/wp-json\/wp\/v2\/posts"}],"about":[{"href":"https:\/\/www.alliancefrancaise.cz\/jiznicechy\/wp-json\/wp\/v2\/types\/post"}],"author":[{"embeddable":true,"href":"https:\/\/www.alliancefrancaise.cz\/jiznicechy\/wp-json\/wp\/v2\/users\/4"}],"replies":[{"embeddable":true,"href":"https:\/\/www.alliancefrancaise.cz\/jiznicechy\/wp-json\/wp\/v2\/comments?post=17895"}],"version-history":[{"count":2,"href":"https:\/\/www.alliancefrancaise.cz\/jiznicechy\/wp-json\/wp\/v2\/posts\/17895\/revisions"}],"predecessor-version":[{"id":18224,"href":"https:\/\/www.alliancefrancaise.cz\/jiznicechy\/wp-json\/wp\/v2\/posts\/17895\/revisions\/18224"}],"wp:featuredmedia":[{"embeddable":true,"href":"https:\/\/www.alliancefrancaise.cz\/jiznicechy\/wp-json\/wp\/v2\/media\/17898"}],"wp:attachment":[{"href":"https:\/\/www.alliancefrancaise.cz\/jiznicechy\/wp-json\/wp\/v2\/media?parent=17895"}],"wp:term":[{"taxonomy":"category","embeddable":true,"href":"https:\/\/www.alliancefrancaise.cz\/jiznicechy\/wp-json\/wp\/v2\/categories?post=17895"},{"taxonomy":"post_tag","embeddable":true,"href":"https:\/\/www.alliancefrancaise.cz\/jiznicechy\/wp-json\/wp\/v2\/tags?post=17895"}],"curies":[{"name":"wp","href":"https:\/\/api.w.org\/{rel}","templated":true}]}}