{"id":17982,"date":"2026-02-09T11:45:41","date_gmt":"2026-02-09T10:45:41","guid":{"rendered":"https:\/\/www.alliancefrancaise.cz\/jiznicechy\/?p=17982"},"modified":"2026-03-09T15:19:09","modified_gmt":"2026-03-09T14:19:09","slug":"cine-club-allons-enfants-2","status":"publish","type":"post","link":"https:\/\/www.alliancefrancaise.cz\/jiznicechy\/cine-club-allons-enfants-2\/","title":{"rendered":"Cin\u00e9-club: Allons Enfants (Pojd&#8217;me, d\u011bti)"},"content":{"rendered":"\n<p><\/p>\n\n\n\n<p>V sam\u00e9m srdci hlavn\u00edho m\u011bsta se jedna st\u0159edn\u00ed \u0161kola pou\u0161t\u00ed do odv\u00e1\u017en\u00e9ho experimentu : integrovat \u017e\u00e1ky z chud\u00fdch \u010dtvrt\u00ed a prolomit spir\u00e1lu \u0161koln\u00edho ne\u00fasp\u011bchu pomoc\u00ed hip-hopov\u00e9ho tance. Allons enfants je p\u0159\u00edb\u011bhem t\u00e9to ve Francii jedine\u010dn\u00e9 zku\u0161enosti.<\/p>\n\n\n\n<p><em>Dokument\u00e1rn\u00ed film Thierryho Demaizi\u00e8ra a Albana Teurlai &#8211; 2021 &#8211; 1h50 &#8211; Pro ml\u00e1de\u017e i dosp\u011bl\u00e9<\/em><\/p>\n\n\n\n<ul class=\"wp-block-list\">\n<li><strong>Kdy?<\/strong> st\u0159eda 18. b\u0159ezna v 19.00 hodin<\/li>\n\n\n\n<li><strong>Kde?<\/strong> Alliance Fran\u00e7aise Ji\u017en\u00ed \u010cechy &#8211; N\u00e1m\u011bst\u00ed P\u0159emysla Otakara II. 79\/21, \u010cesk\u00e9 Bud\u011bjovice<\/li>\n\n\n\n<li><strong>Jazyk?<\/strong> Francouzsk\u00e1 origin\u00e1ln\u00ed verze, \u010desk\u00e9 titulky<\/li>\n\n\n\n<li><strong>Vstup?<\/strong> Zdarma<\/li>\n<\/ul>\n\n\n\n<p><\/p>\n\n\n\n<p><\/p>\n\n\n\n<p><\/p>\n\n\n\n<p><\/p>\n\n\n\n<p><\/p>\n\n\n\n<p><\/p>\n\n\n\n<p><\/p>\n\n\n\n<p><\/p>\n\n\n\n<p><\/p>\n\n\n\n<p><\/p>\n\n\n\n<p><\/p>\n\n\n\n<p><\/p>\n\n\n\n<p><\/p>\n","protected":false},"excerpt":{"rendered":"<p>Film Thierryho Demaizi\u00e8ra a Albana Teurlai &#8211; 2021 &#8211; 1h50 &#8211; Dokument &#8211; Pro ml\u00e1de\u017e i dosp\u011bl\u00e9<\/p>\n","protected":false},"author":4,"featured_media":17980,"comment_status":"closed","ping_status":"closed","sticky":false,"template":"","format":"standard","meta":{"_acf_changed":false,"footnotes":""},"categories":[7,52],"tags":[565,472,468,89,123,558,97,45,130,469,92,470,175,58,87,59,95,466,96,179,467,564,562,471,42],"class_list":["post-17982","post","type-post","status-publish","format-standard","has-post-thumbnail","hentry","category-dny-frankofonie","category-filmovy-klub","tag-565","tag-afjiznicechy","tag-aliance-francouzstina","tag-alliance-francaise","tag-alliance-francaise-jizni-cechy","tag-allons-enfants","tag-ceska-republika","tag-ceske-budejovice","tag-cine-club","tag-decouverte-culturelle","tag-dny-frankofonie","tag-echange-culturel","tag-evenement-culturel","tag-francais","tag-francophonie","tag-francouzsku","tag-frankofonie","tag-kulturni-objevy","tag-kulturni-program","tag-kulturni-udalost","tag-kulturni-vymena","tag-pojdme-deti","tag-pojdmedeti","tag-programme","tag-rencontre"],"acf":[],"_links":{"self":[{"href":"https:\/\/www.alliancefrancaise.cz\/jiznicechy\/wp-json\/wp\/v2\/posts\/17982","targetHints":{"allow":["GET"]}}],"collection":[{"href":"https:\/\/www.alliancefrancaise.cz\/jiznicechy\/wp-json\/wp\/v2\/posts"}],"about":[{"href":"https:\/\/www.alliancefrancaise.cz\/jiznicechy\/wp-json\/wp\/v2\/types\/post"}],"author":[{"embeddable":true,"href":"https:\/\/www.alliancefrancaise.cz\/jiznicechy\/wp-json\/wp\/v2\/users\/4"}],"replies":[{"embeddable":true,"href":"https:\/\/www.alliancefrancaise.cz\/jiznicechy\/wp-json\/wp\/v2\/comments?post=17982"}],"version-history":[{"count":4,"href":"https:\/\/www.alliancefrancaise.cz\/jiznicechy\/wp-json\/wp\/v2\/posts\/17982\/revisions"}],"predecessor-version":[{"id":18248,"href":"https:\/\/www.alliancefrancaise.cz\/jiznicechy\/wp-json\/wp\/v2\/posts\/17982\/revisions\/18248"}],"wp:featuredmedia":[{"embeddable":true,"href":"https:\/\/www.alliancefrancaise.cz\/jiznicechy\/wp-json\/wp\/v2\/media\/17980"}],"wp:attachment":[{"href":"https:\/\/www.alliancefrancaise.cz\/jiznicechy\/wp-json\/wp\/v2\/media?parent=17982"}],"wp:term":[{"taxonomy":"category","embeddable":true,"href":"https:\/\/www.alliancefrancaise.cz\/jiznicechy\/wp-json\/wp\/v2\/categories?post=17982"},{"taxonomy":"post_tag","embeddable":true,"href":"https:\/\/www.alliancefrancaise.cz\/jiznicechy\/wp-json\/wp\/v2\/tags?post=17982"}],"curies":[{"name":"wp","href":"https:\/\/api.w.org\/{rel}","templated":true}]}}