{"id":18087,"date":"2026-02-09T14:13:49","date_gmt":"2026-02-09T13:13:49","guid":{"rendered":"https:\/\/www.alliancefrancaise.cz\/jiznicechy\/?p=18087"},"modified":"2026-02-09T14:13:52","modified_gmt":"2026-02-09T13:13:52","slug":"cafe-francais-06-06-2-2-2-2-2-2-2-2-2","status":"publish","type":"post","link":"https:\/\/www.alliancefrancaise.cz\/jiznicechy\/cafe-francais-06-06-2-2-2-2-2-2-2-2-2\/","title":{"rendered":"K\u00e1va po francouzsku"},"content":{"rendered":"\n<p><strong>Kde ? <\/strong>&#8211; U V\u00e1s, Kn\u011b\u017esk\u00e1 357\/28, \u010cesk\u00e9 Bud\u011bjovice 1, 370 01 \u010cesk\u00e9 Bud\u011bjovice<br><strong>Kdy ?<\/strong> &#8211; St\u0159eda 4. b\u0159ezna od 19.30 hodin<\/p>\n\n\n\n<figure class=\"wp-block-image size-large is-resized\"><img loading=\"lazy\" decoding=\"async\" width=\"1360\" height=\"766\" src=\"https:\/\/www.alliancefrancaise.cz\/jiznicechy\/wp-content\/uploads\/2024\/02\/Cafe-francais-couv-FB-1360x766.png\" alt=\"Caf\u00e9 fran\u00e7ais (couverture)\" class=\"wp-image-7063\" style=\"aspect-ratio:1.3333333333333333;object-fit:cover;width:478px;height:auto\" srcset=\"https:\/\/www.alliancefrancaise.cz\/jiznicechy\/wp-content\/uploads\/2024\/02\/Cafe-francais-couv-FB-1360x766.png 1360w, https:\/\/www.alliancefrancaise.cz\/jiznicechy\/wp-content\/uploads\/2024\/02\/Cafe-francais-couv-FB-460x259.png 460w, https:\/\/www.alliancefrancaise.cz\/jiznicechy\/wp-content\/uploads\/2024\/02\/Cafe-francais-couv-FB-768x433.png 768w, https:\/\/www.alliancefrancaise.cz\/jiznicechy\/wp-content\/uploads\/2024\/02\/Cafe-francais-couv-FB.png 1640w\" sizes=\"auto, (max-width: 1360px) 100vw, 1360px\" \/><\/figure>\n\n\n\n<p>P\u0159ipojte se k n\u00e1m! Setkejte se s n\u00e1mi a sd\u00edlejte p\u0159\u00e1telsk\u00e9 chv\u00edle s dal\u0161\u00edmi frankofonn\u00edmi lidmi z regionu!<\/p>\n\n\n\n<p>P\u0159ij\u010fte na kafe nebo na skleni\u010dku v\u00edna! Ka\u017edou prvn\u00ed st\u0159edu v m\u011bs\u00edci, setk\u00edn\u00ed frankofonn\u00edch a frankofiln\u00edch Jiho\u010dech\u016f, kter\u00e9 se ned\u00e1 odm\u00edtnout!<\/p>\n\n\n\n<p><\/p>\n","protected":false},"excerpt":{"rendered":"<p>P\u0159ipojte se k n\u00e1m! Setkejte se s n\u00e1mi a sd\u00edlejte p\u0159\u00e1telsk\u00e9 chv\u00edle s dal\u0161\u00edmi frankofonn\u00edmi lidmi z regionu!<\/p>\n","protected":false},"author":4,"featured_media":6839,"comment_status":"closed","ping_status":"closed","sticky":false,"template":"","format":"standard","meta":{"_acf_changed":false,"footnotes":""},"categories":[6,9],"tags":[57,58,61,59,37,60,40,42,43],"class_list":["post-18087","post","type-post","status-publish","format-standard","has-post-thumbnail","hentry","category-aktuality","category-kava-po-francouzsku","tag-cafe","tag-francais","tag-francaise","tag-francouzsku","tag-kava","tag-langue","tag-parler","tag-rencontre","tag-rendez-vous"],"acf":[],"_links":{"self":[{"href":"https:\/\/www.alliancefrancaise.cz\/jiznicechy\/wp-json\/wp\/v2\/posts\/18087","targetHints":{"allow":["GET"]}}],"collection":[{"href":"https:\/\/www.alliancefrancaise.cz\/jiznicechy\/wp-json\/wp\/v2\/posts"}],"about":[{"href":"https:\/\/www.alliancefrancaise.cz\/jiznicechy\/wp-json\/wp\/v2\/types\/post"}],"author":[{"embeddable":true,"href":"https:\/\/www.alliancefrancaise.cz\/jiznicechy\/wp-json\/wp\/v2\/users\/4"}],"replies":[{"embeddable":true,"href":"https:\/\/www.alliancefrancaise.cz\/jiznicechy\/wp-json\/wp\/v2\/comments?post=18087"}],"version-history":[{"count":1,"href":"https:\/\/www.alliancefrancaise.cz\/jiznicechy\/wp-json\/wp\/v2\/posts\/18087\/revisions"}],"predecessor-version":[{"id":18090,"href":"https:\/\/www.alliancefrancaise.cz\/jiznicechy\/wp-json\/wp\/v2\/posts\/18087\/revisions\/18090"}],"wp:featuredmedia":[{"embeddable":true,"href":"https:\/\/www.alliancefrancaise.cz\/jiznicechy\/wp-json\/wp\/v2\/media\/6839"}],"wp:attachment":[{"href":"https:\/\/www.alliancefrancaise.cz\/jiznicechy\/wp-json\/wp\/v2\/media?parent=18087"}],"wp:term":[{"taxonomy":"category","embeddable":true,"href":"https:\/\/www.alliancefrancaise.cz\/jiznicechy\/wp-json\/wp\/v2\/categories?post=18087"},{"taxonomy":"post_tag","embeddable":true,"href":"https:\/\/www.alliancefrancaise.cz\/jiznicechy\/wp-json\/wp\/v2\/tags?post=18087"}],"curies":[{"name":"wp","href":"https:\/\/api.w.org\/{rel}","templated":true}]}}