{"id":18177,"date":"2026-02-17T13:05:35","date_gmt":"2026-02-17T12:05:35","guid":{"rendered":"https:\/\/www.alliancefrancaise.cz\/jiznicechy\/?p=18177"},"modified":"2026-03-09T15:50:43","modified_gmt":"2026-03-09T14:50:43","slug":"dny-frankofonie-2026","status":"publish","type":"post","link":"https:\/\/www.alliancefrancaise.cz\/jiznicechy\/dny-frankofonie-2026\/","title":{"rendered":"Dny frankofonie 2026"},"content":{"rendered":"\n<p>Alliance Fran\u00e7aise s velkou radost\u00ed zahajuje ro\u010dn\u00edk 2026 Dn\u016f frankofonie! P\u0159ipojte se k n\u00e1m po cel\u00fd m\u011bs\u00edc b\u0159ezen, abyste oslavili francouzsk\u00fd jazyk ve v\u0161ech jeho podob\u00e1ch a procestovali r\u016fzn\u00e9 zem\u011b a kultury.<\/p>\n\n\n\n<p>\ud83d\udcc5 Od 4. do 25. b\u0159ezna 2026<\/p>\n\n\n\n<p>\ud83d\udccd Program : Francouzsk\u00e1 kav\u00e1rna, libanonsk\u00e9 a quebeck\u00e9 ve\u010dery, filmov\u00fd klub\u2026 A to nen\u00ed v\u0161e\u2026<\/p>\n\n\n\n<p><strong>Registrace : <a href=\"https:\/\/forms.gle\/vnaQ7SYrDLPzB4yf6\" target=\"_blank\" rel=\"noopener\">https:\/\/forms.gle\/vnaQ7SYrDLPzB4yf6<\/a><br><\/strong>Nebo : Za\u0161lete e-mail s va\u0161\u00edm k\u0159estn\u00edm jm\u00e9nem a p\u0159\u00edjmen\u00edm a aktivitou (aktivitami), kter\u00fdch se chcete z\u00fa\u010dastnit : <strong><a href=\"mailto:jiznicechy@alliancefrancaise.cz\" target=\"_blank\" rel=\"noreferrer noopener\">jiznicechy@alliancefrancaise.cz<\/a><\/strong> <\/p>\n\n\n\n<p>V\u0161echny na\u0161e akce jsou otev\u0159en\u00e9 pro v\u0161echny, bez ohledu na jazykovou \u00farove\u0148. C\u00edlem? Pomoci v\u00e1m objevit rozmanitost frankofonn\u00ed kultury.<\/p>\n\n\n\n<p><\/p>\n\n\n\n<h5 class=\"wp-block-heading\">Orienta\u010dn\u00ed b\u011bh<\/h5>\n\n\n\n<figure class=\"wp-block-image size-large is-resized\"><img loading=\"lazy\" decoding=\"async\" width=\"1360\" height=\"765\" src=\"https:\/\/www.alliancefrancaise.cz\/jiznicechy\/wp-content\/uploads\/2024\/02\/Course-orientation-CB-1360x765.png\" alt=\"\" class=\"wp-image-7314\" style=\"object-fit:cover;width:477px;height:auto\" srcset=\"https:\/\/www.alliancefrancaise.cz\/jiznicechy\/wp-content\/uploads\/2024\/02\/Course-orientation-CB-1360x765.png 1360w, https:\/\/www.alliancefrancaise.cz\/jiznicechy\/wp-content\/uploads\/2024\/02\/Course-orientation-CB-460x259.png 460w, https:\/\/www.alliancefrancaise.cz\/jiznicechy\/wp-content\/uploads\/2024\/02\/Course-orientation-CB-768x432.png 768w, https:\/\/www.alliancefrancaise.cz\/jiznicechy\/wp-content\/uploads\/2024\/02\/Course-orientation-CB.png 1920w\" sizes=\"auto, (max-width: 1360px) 100vw, 1360px\" \/><\/figure>\n\n\n\n<p>\ud83c\udfc3 Alliance fran\u00e7aise nab\u00edz\u00ed student\u016fm Bigy tak\u00e9 orienta\u010dn\u00ed z\u00e1vod v centru \u010cesk\u00fdch Bud\u011bjovic. Jak\u00fd je c\u00edl? Spr\u00e1vn\u011b zodpov\u011bd\u011bt s\u00e9rii ot\u00e1zek o frankofonii a st\u00e1t se nejrychlej\u0161\u00edm t\u00fdmem!<\/p>\n\n\n\n<p>Dny frankofonie jsou ide\u00e1ln\u00ed p\u0159\u00edle\u017eitost\u00ed, jak p\u0159ibl\u00ed\u017eit Alliance Fran\u00e7aise nejmlad\u0161\u00edm! A\u0165 u\u017e ve va\u0161ich t\u0159\u00edd\u00e1ch nebo v na\u0161ich prostor\u00e1ch, kontaktujte n\u00e1s a domluvte si prohl\u00eddku na\u0161ich prostor nebo z\u00e1bavn\u00e9 workshopy zam\u011b\u0159en\u00e9 na francouz\u0161tinu!<\/p>\n\n\n\n<p>\ud83d\udce9 Kontaktujte n\u00e1s hned te\u010f a rezervujte si term\u00edn<br><a href=\"https:\/\/www.alliancefrancaise.cz\/jiznicechy\/vzdelavaci-workshopy\/\">Tak\u00e9 bych r\u00e1d zorganizoval tuto vzd\u011bl\u00e1vac\u00ed aktivitu se sv\u00fdmi studenty<\/a><\/p>\n\n\n\n<h5 class=\"wp-block-heading\">Journ\u00e9e de la Francophonie v P\u00edsku<\/h5>\n\n\n\n<p>Oslavy p\u0159ekra\u010duj\u00ed hranice Bud\u011bjovic! Na\u0161e oslavy exportujeme na speci\u00e1ln\u00ed den do Gymn\u00e1zia P\u00edsek, kde na\u0161e st\u00e1\u017eistka z Quebecu Sarah Gauthier p\u0159edstav\u00ed Quebec !<\/p>\n\n\n\n<p><a href=\"https:\/\/www.alliancefrancaise.cz\/jiznicechy\/vzdelavaci-workshopy\/\">Tak\u00e9 bych r\u00e1d zorganizoval tuto vzd\u011bl\u00e1vac\u00ed aktivitu se sv\u00fdmi studenty<\/a><\/p>\n\n\n\n<h5 class=\"wp-block-heading\">K\u00e1va po francouzsku<\/h5>\n\n\n\n<p>\u2615  Na za\u010d\u00e1tek tohoto sv\u00e1te\u010dn\u00edho m\u011bs\u00edce to zkusme jednodu\u0161e! P\u0159ij\u010fte si d\u00e1t drink a popov\u00eddat si s n\u00e1mi a dal\u0161\u00edmi francouzsky mluv\u00edc\u00edmi v okol\u00ed. Nen\u00ed vy\u017eadov\u00e1na \u017e\u00e1dn\u00e1 \u00farove\u0148, v\u00edt\u00e1ni jsou v\u0161ichni!<\/p>\n\n\n\n<figure class=\"wp-block-image size-large is-resized\"><img loading=\"lazy\" decoding=\"async\" width=\"1360\" height=\"766\" src=\"https:\/\/www.alliancefrancaise.cz\/jiznicechy\/wp-content\/uploads\/2024\/02\/Cafe-francais-couv-FB-1360x766.png\" alt=\"Caf\u00e9 fran\u00e7ais (couverture)\" class=\"wp-image-7063\" style=\"aspect-ratio:1.7777777777777777;object-fit:cover;width:476px;height:auto\" srcset=\"https:\/\/www.alliancefrancaise.cz\/jiznicechy\/wp-content\/uploads\/2024\/02\/Cafe-francais-couv-FB-1360x766.png 1360w, https:\/\/www.alliancefrancaise.cz\/jiznicechy\/wp-content\/uploads\/2024\/02\/Cafe-francais-couv-FB-460x259.png 460w, https:\/\/www.alliancefrancaise.cz\/jiznicechy\/wp-content\/uploads\/2024\/02\/Cafe-francais-couv-FB-768x433.png 768w, https:\/\/www.alliancefrancaise.cz\/jiznicechy\/wp-content\/uploads\/2024\/02\/Cafe-francais-couv-FB.png 1640w\" sizes=\"auto, (max-width: 1360px) 100vw, 1360px\" \/><\/figure>\n\n\n\n<p><strong>Kde ?&nbsp;<\/strong>&#8211; U V\u00e1s, Kn\u011b\u017esk\u00e1 357\/28, \u010cesk\u00e9 Bud\u011bjovice 1<br><strong>Kdy ?<\/strong>&nbsp;&#8211; St\u0159eda 4. b\u0159ezna od 19h30. <\/p>\n\n\n\n<h5 class=\"wp-block-heading\"><strong>Tane\u010dn\u00ed workshop<\/strong><\/h5>\n\n\n\n<p>\ud83d\udd7a\ud83d\udc83 Tane\u010dn\u00ed workshop. Nev\u00e1hejte, a\u0165 u\u017e za\u010d\u00e1te\u010dn\u00edci nebo zku\u0161en\u00ed tane\u010dn\u00edci. V\u00edt\u00e1ni jsou v\u0161ichni.<\/p>\n\n\n\n<figure class=\"wp-block-image size-full is-resized\"><img loading=\"lazy\" decoding=\"async\" width=\"561\" height=\"319\" src=\"https:\/\/www.alliancefrancaise.cz\/jiznicechy\/wp-content\/uploads\/2026\/02\/image-8.png\" alt=\"\" class=\"wp-image-18187\" style=\"aspect-ratio:1.758657849620377;width:426px;height:auto\" srcset=\"https:\/\/www.alliancefrancaise.cz\/jiznicechy\/wp-content\/uploads\/2026\/02\/image-8.png 561w, https:\/\/www.alliancefrancaise.cz\/jiznicechy\/wp-content\/uploads\/2026\/02\/image-8-460x262.png 460w\" sizes=\"auto, (max-width: 561px) 100vw, 561px\" \/><\/figure>\n\n\n\n<p><strong>Kde?<\/strong>&nbsp;V Alliance Fran\u00e7aise Boh\u00eame du Sud \u2013 Place P\u0159emysl Otakar II. 79\/21, \u010cesk\u00e9 Bud\u011bjovice<br><strong>Kdy?<\/strong>&nbsp;Sobota, 7. b\u0159ezna, 15h30<br><strong>Vstupn\u00e9<\/strong> ? Zdarma. <strong>Registrace nutn\u00e1.<\/strong><\/p>\n\n\n\n<h5 class=\"wp-block-heading\">Libanonsk\u00fd ve\u010der<\/h5>\n\n\n\n<p>Objevte Libanon a jeho kulturu, ochutnejte libanonsk\u00e9 kulin\u00e1\u0159sk\u00e9 speciality, kter\u00e9 uv\u00e1d\u00ed Thierry Ghosh, Libanonec. Na j\u00eddeln\u00edm l\u00edstku: typick\u00e9 libanonsk\u00e9 mezze! P\u0159ij\u010fte ochutnat dom\u00e1c\u00ed hummus nebo t\u0159eba baba ganoush a dal\u0161\u00ed chut\u011b, kter\u00e9 m\u016f\u017eete objevit.<\/p>\n\n\n\n<figure class=\"wp-block-image size-full is-resized\"><img loading=\"lazy\" decoding=\"async\" width=\"560\" height=\"317\" src=\"https:\/\/www.alliancefrancaise.cz\/jiznicechy\/wp-content\/uploads\/2026\/02\/image-9.png\" alt=\"\" class=\"wp-image-18189\" style=\"aspect-ratio:1.7666485926948292;width:417px;height:auto\" srcset=\"https:\/\/www.alliancefrancaise.cz\/jiznicechy\/wp-content\/uploads\/2026\/02\/image-9.png 560w, https:\/\/www.alliancefrancaise.cz\/jiznicechy\/wp-content\/uploads\/2026\/02\/image-9-460x260.png 460w\" sizes=\"auto, (max-width: 560px) 100vw, 560px\" \/><\/figure>\n\n\n\n<p><strong>Kde?<\/strong>&nbsp;V Alliance Fran\u00e7aise Boh\u00eame du Sud \u2013 Place P\u0159emysl Otakar II. 79\/21, \u010cesk\u00e9 Bud\u011bjovice<br><strong>Kdy?<\/strong>&nbsp;\u010ctvrtek, 12. b\u0159ezna od 18:00 hodin<br><strong>Vstupn\u00e9<\/strong> ? 200 Kc (150). <strong>Registrace nutn\u00e1.<\/strong><\/p>\n\n\n\n<h5 class=\"wp-block-heading\">Quebeck\u00fd ve\u010der<\/h5>\n\n\n\n<p>Na\u0161e st\u00e1\u017eistka z Quebecu, Sarah Gauthier, v\u00e1m p\u0159edstav\u00ed Quebec a jeho kulturu. Bude to \u0161ance cestovat na ve\u010der na druh\u00fd konec sv\u011bta !<\/p>\n\n\n\n<figure class=\"wp-block-image size-full is-resized\"><img loading=\"lazy\" decoding=\"async\" width=\"561\" height=\"315\" src=\"https:\/\/www.alliancefrancaise.cz\/jiznicechy\/wp-content\/uploads\/2026\/02\/image-10.png\" alt=\"\" class=\"wp-image-18192\" style=\"aspect-ratio:1.7810794721698582;width:415px;height:auto\" srcset=\"https:\/\/www.alliancefrancaise.cz\/jiznicechy\/wp-content\/uploads\/2026\/02\/image-10.png 561w, https:\/\/www.alliancefrancaise.cz\/jiznicechy\/wp-content\/uploads\/2026\/02\/image-10-460x258.png 460w\" sizes=\"auto, (max-width: 561px) 100vw, 561px\" \/><\/figure>\n\n\n\n<p><strong>Kde?<\/strong>&nbsp;V Alliance Fran\u00e7aise Boh\u00eame du Sud \u2013 Place P\u0159emysl Otakar II. 79\/21, \u010cesk\u00e9 Bud\u011bjovice<br><strong>Kdy?<\/strong>&nbsp;\u00dater\u00fd, 17. b\u0159ezna od 17:30 hodin<br><strong>Vstup a prezentace <\/strong>? Zdarma (Voliteln\u011b: ochutn\u00e1vka specialit: 60 K\u010d (40)) <strong>Registrace nutn\u00e1.<\/strong><\/p>\n\n\n\n<h5 class=\"wp-block-heading\">Cin\u00e9 club \u00abAllons Enfants \u00bb<\/h5>\n\n\n\n<p>\ud83c\udfac Co m\u016f\u017ee b\u00fdt lep\u0161\u00edho ne\u017e film o ml\u00e1d\u00ed, rozmanitosti a tanci, aby se oslavila dne\u0161n\u00ed Francie? \u2192 Allons Enfants (2021) od Thierryho Demaizi\u00e8ra a Albana Teurlaie.<\/p>\n\n\n\n<figure class=\"wp-block-image size-full is-resized\"><img loading=\"lazy\" decoding=\"async\" width=\"592\" height=\"338\" src=\"https:\/\/www.alliancefrancaise.cz\/jiznicechy\/wp-content\/uploads\/2026\/02\/image-14.png\" alt=\"\" class=\"wp-image-18213\" style=\"aspect-ratio:1.7515140307891452;width:510px;height:auto\" srcset=\"https:\/\/www.alliancefrancaise.cz\/jiznicechy\/wp-content\/uploads\/2026\/02\/image-14.png 592w, https:\/\/www.alliancefrancaise.cz\/jiznicechy\/wp-content\/uploads\/2026\/02\/image-14-460x263.png 460w\" sizes=\"auto, (max-width: 592px) 100vw, 592px\" \/><\/figure>\n\n\n\n<p><strong>Kde?<\/strong>&nbsp;V Alliance Fran\u00e7aise Boh\u00eame du Sud \u2013 Place P\u0159emysl Otakar II. 79\/21, \u010cesk\u00e9 Bud\u011bjovice<br><strong>Kdy?<\/strong>&nbsp;St\u0159eda 18. b\u0159ezna, od 19:00 hodin<br><strong>Vstupn\u00e9<\/strong>: Zdarma<br><strong>Audio<\/strong>: FR \/ Titulky: CZ || S podporou IFCin\u00e9ma<br><strong>Synopse<\/strong>: V sam\u00e9m srdci Pa\u0159\u00ed\u017ee se jedna st\u0159edn\u00ed \u0161kola pou\u0161t\u00ed do bl\u00e1zniv\u00e9ho podniku: prolomit spir\u00e1lu \u0161koln\u00edho ne\u00fasp\u011bchu pomoc\u00ed hip-hopov\u00e9ho tance. Objevte p\u0159\u00edb\u011bh tohoto jedine\u010dn\u00e9ho experimentu.<\/p>\n\n\n\n<h5 class=\"wp-block-heading\">Karaok\u00e9<\/h5>\n\n\n\n<p><strong>\ud83c\udfa4<\/strong> P\u0159ij\u010fte si zazp\u00edvat Stromae nebo Edith Piaf. Nikdo nebude soudit v\u00e1\u0161 p\u0159\u00edzvuk ani hlas \ud83d\ude42<\/p>\n\n\n\n<figure class=\"wp-block-image size-full is-resized\"><img loading=\"lazy\" decoding=\"async\" width=\"482\" height=\"272\" src=\"https:\/\/www.alliancefrancaise.cz\/jiznicechy\/wp-content\/uploads\/2026\/02\/image-15.png\" alt=\"\" class=\"wp-image-18239\" style=\"aspect-ratio:1.7721031768828632;width:417px;height:auto\" srcset=\"https:\/\/www.alliancefrancaise.cz\/jiznicechy\/wp-content\/uploads\/2026\/02\/image-15.png 482w, https:\/\/www.alliancefrancaise.cz\/jiznicechy\/wp-content\/uploads\/2026\/02\/image-15-460x260.png 460w\" sizes=\"auto, (max-width: 482px) 100vw, 482px\" \/><\/figure>\n\n\n\n<p><strong>Kde?<\/strong>&nbsp;Camino Bar, Piaristick\u00e1 22\/8, 370 01 \u010cesk\u00e9 Bud\u011bjovice 1<br><strong>Kdy?<\/strong>&nbsp;P\u00e1tek 20. b\u0159ezna od 19h30<br><strong>Vstupn\u00e9<\/strong> ? Zdarma<\/p>\n\n\n\n<h5 class=\"wp-block-heading\">Sip &amp; Paint<\/h5>\n\n\n\n<p>\ud83c\udf77\ud83c\udfa8 Co m\u016f\u017ee b\u00fdt francouzsk\u011bj\u0161\u00edho ne\u017e pit\u00ed a malov\u00e1n\u00ed? Nechte zaz\u00e1\u0159it sv\u00e9ho vnit\u0159n\u00edho francouzsk\u00e9ho um\u011blce. V\u00edt\u00e1ny jsou v\u0161echny \u00farovn\u011b; d\u016fle\u017eit\u00e9 je se bavit.<\/p>\n\n\n\n<figure class=\"wp-block-image size-full is-resized\"><img loading=\"lazy\" decoding=\"async\" width=\"559\" height=\"317\" src=\"https:\/\/www.alliancefrancaise.cz\/jiznicechy\/wp-content\/uploads\/2026\/02\/image-11.png\" alt=\"\" class=\"wp-image-18194\" style=\"aspect-ratio:1.7635314995563443;width:413px;height:auto\" srcset=\"https:\/\/www.alliancefrancaise.cz\/jiznicechy\/wp-content\/uploads\/2026\/02\/image-11.png 559w, https:\/\/www.alliancefrancaise.cz\/jiznicechy\/wp-content\/uploads\/2026\/02\/image-11-460x261.png 460w\" sizes=\"auto, (max-width: 559px) 100vw, 559px\" \/><\/figure>\n\n\n\n<p><strong>Kde?<\/strong>&nbsp;V Alliance Fran\u00e7aise Boh\u00eame du Sud \u2013 Place P\u0159emysl Otakar II. 79\/21, \u010cesk\u00e9 Bud\u011bjovice<br><strong>Kdy?<\/strong>&nbsp;St\u0159eda, 25. b\u0159ezna, v 18 hodin<br><strong>Vstupn\u00e9<\/strong> ? 200 Kc (150). <strong>Registrace nutn\u00e1.<\/strong><\/p>\n\n\n\n<p><\/p>\n\n\n\n<h5 class=\"wp-block-heading\"><strong>M\u00e1te z\u00e1jem o jednu nebo v\u00edce akc\u00ed ? <\/strong><\/h5>\n\n\n\n<p><strong>Za\u0161lete pros\u00edm sv\u016fj e-mail na n\u00e1sleduj\u00edc\u00ed adresu: jiznicechy@alliancefrancaise.cz<\/strong><\/p>\n\n\n\n<p><\/p>\n\n\n\n<p class=\"has-red-color has-text-color has-link-color wp-elements-94acd4a89def759136b2448144b7a240\">Nev\u00e1hejte a p\u0159ij\u010fte s n\u00e1mi oslavit Dny frankofonie!<br>Co jsou Dny frankofonie? <br>Dny frankofonie jsou ka\u017edoro\u010dn\u011b oslavov\u00e1ny 300 miliony lid\u00ed po cel\u00e9m sv\u011bt\u011b. Mezin\u00e1rodn\u00ed den frankofonie p\u0159ipad\u00e1 na 20. b\u0159ezna, nicm\u00e9n\u011b ud\u00e1losti oslavuj\u00edc\u00ed frankofonii z\u00e1jemc\u016fm nab\u00eddnou program b\u011bhem cel\u00e9ho m\u011bs\u00edce b\u0159ezna !<br>Francouzsk\u00fd jazyk v \u010d\u00edslech:<br>321 milion\u016f lid\u00ed na cel\u00e9m sv\u011bt\u011b mluv\u00ed francouzsky. 5. nejpou\u017e\u00edvan\u011bj\u0161\u00ed jazyk na sv\u011bt\u011b. 4. jazyk na internetu<br>93 milion\u016f \u017e\u00e1k\u016f a student\u016f m\u00e1 francouz\u0161tinu jako vyu\u010dovac\u00ed jazyk. 51 milion\u016f lid\u00ed se u\u010d\u00ed francouzsky<\/p>\n\n\n\n<p class=\"has-red-color has-text-color has-link-color wp-elements-404b172bf95accb1361bcfaafe1a36d9\">Pro\u010d ne i vy?<\/p>\n\n\n\n<p><em>(-Kc) : cena pro studenty Alliance Fran\u00e7aise<\/em><\/p>\n\n\n\n<p><\/p>\n","protected":false},"excerpt":{"rendered":"<p>B\u0159ezen je m\u011bs\u00edcem frankofonie. Francouzsk\u00e1 Aliance Ji\u017en\u00ed \u010cechy po\u0159\u00e1d\u00e1 p\u0159i t\u00e9to p\u0159\u00edle\u017eitosti n\u011bkolik ud\u00e1lost\u00ed, kter\u00e9 nadchnou d\u011bti i dosp\u011bl\u00e9.<\/p>\n","protected":false},"author":4,"featured_media":18092,"comment_status":"closed","ping_status":"closed","sticky":false,"template":"","format":"standard","meta":{"_acf_changed":false,"footnotes":""},"categories":[6,7],"tags":[565,89,97,92,86,87,567,94,95,537,566,85,96,93,41,88,90],"class_list":["post-18177","post","type-post","status-publish","format-standard","has-post-thumbnail","hentry","category-aktuality","category-dny-frankofonie","tag-565","tag-alliance-francaise","tag-ceska-republika","tag-dny-frankofonie","tag-evenements-culturels","tag-francophonie","tag-francophonie-2026","tag-francouzstina","tag-frankofonie","tag-frankofonie-2025","tag-frankofonie-2026","tag-journees-de-la-francophonie","tag-kulturni-program","tag-kulturni-udalosti","tag-langue-francaise","tag-programme-culturel","tag-tchequie"],"acf":[],"_links":{"self":[{"href":"https:\/\/www.alliancefrancaise.cz\/jiznicechy\/wp-json\/wp\/v2\/posts\/18177","targetHints":{"allow":["GET"]}}],"collection":[{"href":"https:\/\/www.alliancefrancaise.cz\/jiznicechy\/wp-json\/wp\/v2\/posts"}],"about":[{"href":"https:\/\/www.alliancefrancaise.cz\/jiznicechy\/wp-json\/wp\/v2\/types\/post"}],"author":[{"embeddable":true,"href":"https:\/\/www.alliancefrancaise.cz\/jiznicechy\/wp-json\/wp\/v2\/users\/4"}],"replies":[{"embeddable":true,"href":"https:\/\/www.alliancefrancaise.cz\/jiznicechy\/wp-json\/wp\/v2\/comments?post=18177"}],"version-history":[{"count":15,"href":"https:\/\/www.alliancefrancaise.cz\/jiznicechy\/wp-json\/wp\/v2\/posts\/18177\/revisions"}],"predecessor-version":[{"id":18250,"href":"https:\/\/www.alliancefrancaise.cz\/jiznicechy\/wp-json\/wp\/v2\/posts\/18177\/revisions\/18250"}],"wp:featuredmedia":[{"embeddable":true,"href":"https:\/\/www.alliancefrancaise.cz\/jiznicechy\/wp-json\/wp\/v2\/media\/18092"}],"wp:attachment":[{"href":"https:\/\/www.alliancefrancaise.cz\/jiznicechy\/wp-json\/wp\/v2\/media?parent=18177"}],"wp:term":[{"taxonomy":"category","embeddable":true,"href":"https:\/\/www.alliancefrancaise.cz\/jiznicechy\/wp-json\/wp\/v2\/categories?post=18177"},{"taxonomy":"post_tag","embeddable":true,"href":"https:\/\/www.alliancefrancaise.cz\/jiznicechy\/wp-json\/wp\/v2\/tags?post=18177"}],"curies":[{"name":"wp","href":"https:\/\/api.w.org\/{rel}","templated":true}]}}