{"id":18295,"date":"2026-03-30T13:55:54","date_gmt":"2026-03-30T11:55:54","guid":{"rendered":"https:\/\/www.alliancefrancaise.cz\/jiznicechy\/?p=18295"},"modified":"2026-03-31T09:59:35","modified_gmt":"2026-03-31T07:59:35","slug":"tous-toques","status":"publish","type":"post","link":"https:\/\/www.alliancefrancaise.cz\/jiznicechy\/tous-toques\/","title":{"rendered":"Film : Tous Toqu\u00e9s"},"content":{"rendered":"\n<p><\/p>\n\n\n\n<p>U p\u0159\u00edle\u017eitosti N\u00e1rodn\u00edho dne kanadsk\u00e9ho filmu v\u00e1s zveme 15. dubna na prom\u00edt\u00e1n\u00ed quebeck\u00e9 komedie : &#8222;Film : Tous Toqu\u00e9s&#8220;. P\u0159ed prom\u00edt\u00e1n\u00edm v\u00e1m Sarah Gauthier, na\u0161e st\u00e1\u017eistka z Quebecu, p\u0159iprav\u00ed kr\u00e1tkou prezentaci. Budete se c\u00edtit jako prav\u00ed Quebe\u010dan\u00e9 \u2013 alespo\u0148 na jeden ve\u010der!<\/p>\n\n\n\n<p><em>Komedie &#8211; Manon Briand &#8211; 2024 &#8211; 1h30<\/em><\/p>\n\n\n\n<ul class=\"wp-block-list\">\n<li><strong>Kdy?<\/strong> St\u0159eda, 15. dubna, 18:00 \u00favod, 19:00 film<\/li>\n\n\n\n<li><strong>Kde?<\/strong> Alliance Fran\u00e7aise Ji\u017en\u00ed \u010cechy &#8211; N\u00e1m\u011bst\u00ed P\u0159emysla Otakara II. 79\/21, \u010cesk\u00e9 Bud\u011bjovice<\/li>\n\n\n\n<li><strong>Jazyk?<\/strong> Francouzsk\u00e1 origin\u00e1ln\u00ed verze \/\/ Titulky: angli\u010dtina<\/li>\n\n\n\n<li><strong>Vstup?<\/strong> Zdarma<\/li>\n<\/ul>\n\n\n\n<p><\/p>\n\n\n\n<p><\/p>\n\n\n\n<p><\/p>\n\n\n\n<p><\/p>\n\n\n\n<p><\/p>\n\n\n\n<p><\/p>\n\n\n\n<p><\/p>\n\n\n\n<p><\/p>\n\n\n\n<p><\/p>\n\n\n\n<p><\/p>\n\n\n\n<p><\/p>\n\n\n\n<p><\/p>\n\n\n\n<p><\/p>\n","protected":false},"excerpt":{"rendered":"<p>Komedie &#8211; Manon Briand &#8211; 2024 &#8211; 1h30<\/p>\n","protected":false},"author":4,"featured_media":18298,"comment_status":"closed","ping_status":"closed","sticky":false,"template":"","format":"standard","meta":{"_acf_changed":false,"footnotes":""},"categories":[52],"tags":[565,472,468,89,123,558,97,45,130,469,470,175,58,467,471,42],"class_list":["post-18295","post","type-post","status-publish","format-standard","has-post-thumbnail","hentry","category-filmovy-klub","tag-565","tag-afjiznicechy","tag-aliance-francouzstina","tag-alliance-francaise","tag-alliance-francaise-jizni-cechy","tag-allons-enfants","tag-ceska-republika","tag-ceske-budejovice","tag-cine-club","tag-decouverte-culturelle","tag-echange-culturel","tag-evenement-culturel","tag-francais","tag-kulturni-vymena","tag-programme","tag-rencontre"],"acf":[],"_links":{"self":[{"href":"https:\/\/www.alliancefrancaise.cz\/jiznicechy\/wp-json\/wp\/v2\/posts\/18295","targetHints":{"allow":["GET"]}}],"collection":[{"href":"https:\/\/www.alliancefrancaise.cz\/jiznicechy\/wp-json\/wp\/v2\/posts"}],"about":[{"href":"https:\/\/www.alliancefrancaise.cz\/jiznicechy\/wp-json\/wp\/v2\/types\/post"}],"author":[{"embeddable":true,"href":"https:\/\/www.alliancefrancaise.cz\/jiznicechy\/wp-json\/wp\/v2\/users\/4"}],"replies":[{"embeddable":true,"href":"https:\/\/www.alliancefrancaise.cz\/jiznicechy\/wp-json\/wp\/v2\/comments?post=18295"}],"version-history":[{"count":3,"href":"https:\/\/www.alliancefrancaise.cz\/jiznicechy\/wp-json\/wp\/v2\/posts\/18295\/revisions"}],"predecessor-version":[{"id":18311,"href":"https:\/\/www.alliancefrancaise.cz\/jiznicechy\/wp-json\/wp\/v2\/posts\/18295\/revisions\/18311"}],"wp:featuredmedia":[{"embeddable":true,"href":"https:\/\/www.alliancefrancaise.cz\/jiznicechy\/wp-json\/wp\/v2\/media\/18298"}],"wp:attachment":[{"href":"https:\/\/www.alliancefrancaise.cz\/jiznicechy\/wp-json\/wp\/v2\/media?parent=18295"}],"wp:term":[{"taxonomy":"category","embeddable":true,"href":"https:\/\/www.alliancefrancaise.cz\/jiznicechy\/wp-json\/wp\/v2\/categories?post=18295"},{"taxonomy":"post_tag","embeddable":true,"href":"https:\/\/www.alliancefrancaise.cz\/jiznicechy\/wp-json\/wp\/v2\/tags?post=18295"}],"curies":[{"name":"wp","href":"https:\/\/api.w.org\/{rel}","templated":true}]}}