{"id":7280,"date":"2024-02-22T19:25:19","date_gmt":"2024-02-22T18:25:19","guid":{"rendered":"https:\/\/www.alliancefrancaise.cz\/jiznicechy\/?p=7280"},"modified":"2026-02-16T15:12:27","modified_gmt":"2026-02-16T14:12:27","slug":"dny-frankofonie-2024","status":"publish","type":"post","link":"https:\/\/www.alliancefrancaise.cz\/jiznicechy\/dny-frankofonie-2024\/","title":{"rendered":"Dny frankofonie 2024"},"content":{"rendered":"\n<p>B\u0159ezen je m\u011bs\u00edcem frankofonie. Francouzsk\u00e1 Aliance Ji\u017en\u00ed \u010cechy po\u0159\u00e1d\u00e1 p\u0159i t\u00e9to p\u0159\u00edle\u017eitosti n\u011bkolik ud\u00e1lost\u00ed, kter\u00e9 nadchnou d\u011bti i dosp\u011bl\u00e9.<\/p>\n\n\n\n<h5 class=\"wp-block-heading\">Orienta\u010dn\u00ed b\u011bh<\/h5>\n\n\n\n<figure class=\"wp-block-image size-large is-resized\"><img loading=\"lazy\" decoding=\"async\" width=\"1360\" height=\"765\" src=\"https:\/\/www.alliancefrancaise.cz\/jiznicechy\/wp-content\/uploads\/2024\/02\/Course-orientation-CB-1360x765.png\" alt=\"\" class=\"wp-image-7314\" style=\"object-fit:cover;width:477px;height:auto\" srcset=\"https:\/\/www.alliancefrancaise.cz\/jiznicechy\/wp-content\/uploads\/2024\/02\/Course-orientation-CB-1360x765.png 1360w, https:\/\/www.alliancefrancaise.cz\/jiznicechy\/wp-content\/uploads\/2024\/02\/Course-orientation-CB-460x259.png 460w, https:\/\/www.alliancefrancaise.cz\/jiznicechy\/wp-content\/uploads\/2024\/02\/Course-orientation-CB-768x432.png 768w, https:\/\/www.alliancefrancaise.cz\/jiznicechy\/wp-content\/uploads\/2024\/02\/Course-orientation-CB.png 1920w\" sizes=\"auto, (max-width: 1360px) 100vw, 1360px\" \/><\/figure>\n\n\n\n<p>Alliance fran\u00e7aise nab\u00edz\u00ed student\u016fm Bigy tak\u00e9 orienta\u010dn\u00ed z\u00e1vod v centru \u010cesk\u00fdch Bud\u011bjovic. Jak\u00fd je c\u00edl? Spr\u00e1vn\u011b zodpov\u011bd\u011bt s\u00e9rii ot\u00e1zek o frankofonii a st\u00e1t se nejrychlej\u0161\u00edm t\u00fdmem!<br><a href=\"https:\/\/www.alliancefrancaise.cz\/jiznicechy\/-Pour-les-ecoles-\">Tak\u00e9 bych r\u00e1d zorganizoval tuto vzd\u011bl\u00e1vac\u00ed aktivitu se sv\u00fdmi studenty<\/a><\/p>\n\n\n\n<h5 class=\"wp-block-heading\">K\u00e1va po francouzsku<\/h5>\n\n\n\n<p><strong>Kde ?&nbsp;<\/strong>&#8211; U V\u00e1s, Kn\u011b\u017esk\u00e1 357\/28, \u010cesk\u00e9 Bud\u011bjovice 1, 370 01 \u010cesk\u00e9 Bud\u011bjovice<br><strong>Kdy ?<\/strong>&nbsp;&#8211; St\u0159eda 6. b\u0159ezna od 19h30.<\/p>\n\n\n\n<figure class=\"wp-block-image size-large is-resized\"><img loading=\"lazy\" decoding=\"async\" width=\"1360\" height=\"766\" src=\"https:\/\/www.alliancefrancaise.cz\/jiznicechy\/wp-content\/uploads\/2024\/02\/Cafe-francais-couv-FB-1360x766.png\" alt=\"Caf\u00e9 fran\u00e7ais (couverture)\" class=\"wp-image-7063\" style=\"aspect-ratio:1.7777777777777777;object-fit:cover;width:476px;height:auto\" srcset=\"https:\/\/www.alliancefrancaise.cz\/jiznicechy\/wp-content\/uploads\/2024\/02\/Cafe-francais-couv-FB-1360x766.png 1360w, https:\/\/www.alliancefrancaise.cz\/jiznicechy\/wp-content\/uploads\/2024\/02\/Cafe-francais-couv-FB-460x259.png 460w, https:\/\/www.alliancefrancaise.cz\/jiznicechy\/wp-content\/uploads\/2024\/02\/Cafe-francais-couv-FB-768x433.png 768w, https:\/\/www.alliancefrancaise.cz\/jiznicechy\/wp-content\/uploads\/2024\/02\/Cafe-francais-couv-FB.png 1640w\" sizes=\"auto, (max-width: 1360px) 100vw, 1360px\" \/><\/figure>\n\n\n\n<p><br>P\u0159ipojte se k n\u00e1m! P\u0159ij\u010fte str\u00e1vit p\u0159\u00edjemn\u00e9 chv\u00edle s dal\u0161\u00edmi francouzsky mluv\u00edc\u00edmi lidmi z regionu a diskutovat o aktu\u00e1ln\u00edch ud\u00e1lostech ve francouz\u0161tin\u011b v kav\u00e1rn\u011b U V\u00e1s.<\/p>\n\n\n\n<h5 class=\"wp-block-heading\">Senegalsk\u00fd ve\u010der<\/h5>\n\n\n\n<p><strong>Kde?<\/strong>&nbsp;Alliance Fran\u00e7aise Ji\u017en\u00ed \u010cechy<br><strong>Kdy?<\/strong>&nbsp;Pond\u011bl\u00ed 18. b\u0159ezna od 18.30 hod.<\/p>\n\n\n\n<figure class=\"wp-block-image size-large is-resized\"><img loading=\"lazy\" decoding=\"async\" width=\"1360\" height=\"765\" src=\"https:\/\/www.alliancefrancaise.cz\/jiznicechy\/wp-content\/uploads\/2024\/02\/Soiree-Senegal-1360x765.png\" alt=\"\" class=\"wp-image-7292\" style=\"object-fit:cover;width:476px;height:auto\" srcset=\"https:\/\/www.alliancefrancaise.cz\/jiznicechy\/wp-content\/uploads\/2024\/02\/Soiree-Senegal-1360x765.png 1360w, https:\/\/www.alliancefrancaise.cz\/jiznicechy\/wp-content\/uploads\/2024\/02\/Soiree-Senegal-460x259.png 460w, https:\/\/www.alliancefrancaise.cz\/jiznicechy\/wp-content\/uploads\/2024\/02\/Soiree-Senegal-768x432.png 768w, https:\/\/www.alliancefrancaise.cz\/jiznicechy\/wp-content\/uploads\/2024\/02\/Soiree-Senegal.png 1920w\" sizes=\"auto, (max-width: 1360px) 100vw, 1360px\" \/><\/figure>\n\n\n\n<p><br>Senegal je jedine\u010dnou zem\u00ed ve francouzsky mluv\u00edc\u00edm sv\u011bt\u011b. Kosmopolitn\u00ed zem\u011b z\u00e1padn\u00ed Afriky &#8211; ohrani\u010den\u00e1 Atlantsk\u00fdm oce\u00e1nem &#8211; zauj\u00edm\u00e1 v\u00fdznamn\u00e9 m\u00edsto v d\u011bjin\u00e1ch africk\u00e9ho kontinentu. Byla m\u00edstem, odkud nebylo n\u00e1vratu pro deportovan\u00e9 otroky, hlavn\u00edm m\u011bstem francouzsk\u00e9 z\u00e1padn\u00ed Afriky v dob\u011b francouzsk\u00e9 kolonizace a intelektu\u00e1ln\u00ed demokraci\u00ed s b\u00e1sn\u00edkem L\u00e9opoldem S\u00e9darem Senghorem. Tuto kr\u00e1snou zemi n\u00e1m p\u0159edstav\u00ed Aly Djiba, Senegalec, kter\u00fd vyu\u010duje francouz\u0161tinu v \u010cesk\u00fdch Bud\u011bjovic\u00edch. Budeme m\u00edt tak\u00e9 p\u0159\u00edle\u017eitost ochutnat tradi\u010dn\u00ed senegalsk\u00e9 j\u00eddlo.<br><em>Ve\u010der ve francouz\u0161tin\u011b a \u010de\u0161tin\u011b&nbsp;<br>Po\u010det m\u00edst omezen na 16 osob<br>150,- K\u010d (100,- K\u010d pro \u010dleny Alliance Fran\u00e7aise)<\/em><\/p>\n\n\n\n<h5 class=\"wp-block-heading\">Journ\u00e9e de la Francophonie v P\u00edsku<\/h5>\n\n\n\n<p><strong>Kde?<\/strong>&nbsp;Gymn\u00e1zium P\u00edsek<br><strong>Kdy?<\/strong>&nbsp;\u010ctvrtek 21. b\u0159ezna&nbsp;<\/p>\n\n\n\n<figure class=\"wp-block-image size-large is-resized\"><img loading=\"lazy\" decoding=\"async\" width=\"1360\" height=\"766\" src=\"https:\/\/www.alliancefrancaise.cz\/jiznicechy\/wp-content\/uploads\/2024\/02\/Soiree-quebecoise-Publication-Instagram-Carre-Couverture-Facebook-1360x766.png\" alt=\"\" class=\"wp-image-7317\" style=\"aspect-ratio:1.7777777777777777;object-fit:cover;width:479px;height:auto\" srcset=\"https:\/\/www.alliancefrancaise.cz\/jiznicechy\/wp-content\/uploads\/2024\/02\/Soiree-quebecoise-Publication-Instagram-Carre-Couverture-Facebook-1360x766.png 1360w, https:\/\/www.alliancefrancaise.cz\/jiznicechy\/wp-content\/uploads\/2024\/02\/Soiree-quebecoise-Publication-Instagram-Carre-Couverture-Facebook-460x259.png 460w, https:\/\/www.alliancefrancaise.cz\/jiznicechy\/wp-content\/uploads\/2024\/02\/Soiree-quebecoise-Publication-Instagram-Carre-Couverture-Facebook-768x433.png 768w, https:\/\/www.alliancefrancaise.cz\/jiznicechy\/wp-content\/uploads\/2024\/02\/Soiree-quebecoise-Publication-Instagram-Carre-Couverture-Facebook.png 1640w\" sizes=\"auto, (max-width: 1360px) 100vw, 1360px\" \/><\/figure>\n\n\n\n<p><br>Alliance Fran\u00e7aise a Juliette Bouchard-Lussier z Quebecu p\u0159ijedou do P\u00edsku, aby \u017e\u00e1k\u016fm evropsk\u00e9 sekce gymn\u00e1zia p\u0159edstavili kr\u00e1sy francouzsk\u00e9ho jazyka v Kanad\u011b!&nbsp;<br><a href=\"https:\/\/www.alliancefrancaise.cz\/jiznicechy\/-Pour-les-ecoles-\">Tak\u00e9 bych r\u00e1d zorganizoval tuto vzd\u011bl\u00e1vac\u00ed aktivitu se sv\u00fdmi studenty<\/a><\/p>\n\n\n\n<h5 class=\"wp-block-heading\">Filmov\u00fd klub \u00ab Louisa Na Pob\u0159e\u017e\u00ed \u00bb<\/h5>\n\n\n\n<p><strong>Kde?<\/strong>&nbsp;Alliance Fran\u00e7aise Ji\u017en\u00ed \u010cechy<br><strong>Kdy?&nbsp;<\/strong>\u010ctvrtek 21. b\u0159ezna, od 19:00 hodin<\/p>\n\n\n\n<figure class=\"wp-block-image size-full is-resized\"><img loading=\"lazy\" decoding=\"async\" width=\"1000\" height=\"563\" src=\"https:\/\/www.alliancefrancaise.cz\/jiznicechy\/wp-content\/uploads\/2024\/02\/Louise-en-hiver-rectangle.jpg\" alt=\"\" class=\"wp-image-7301\" style=\"aspect-ratio:1.7777777777777777;object-fit:cover;width:477px;height:auto\" srcset=\"https:\/\/www.alliancefrancaise.cz\/jiznicechy\/wp-content\/uploads\/2024\/02\/Louise-en-hiver-rectangle.jpg 1000w, https:\/\/www.alliancefrancaise.cz\/jiznicechy\/wp-content\/uploads\/2024\/02\/Louise-en-hiver-rectangle-460x259.jpg 460w, https:\/\/www.alliancefrancaise.cz\/jiznicechy\/wp-content\/uploads\/2024\/02\/Louise-en-hiver-rectangle-768x432.jpg 768w\" sizes=\"auto, (max-width: 1000px) 100vw, 1000px\" \/><\/figure>\n\n\n\n<p><br>Na konci l\u00e9ta ujel d\u016fchodkyni Louise z pob\u0159e\u017en\u00edho letoviska posledn\u00ed vlak. M\u011bsto je opu\u0161t\u011bn\u00e9. Po\u010das\u00ed se rychle zhor\u0161uje, p\u0159ich\u00e1z\u00ed v\u00fdrazn\u00e9 p\u0159\u00edlivy a odlivy, a to v\u0161e zp\u016fsobuje omezen\u00e9 fungov\u00e1n\u00ed elekt\u0159iny i komunika\u010dn\u00edch prost\u0159edk\u016f. K\u0159ehk\u00e1 a koketn\u00ed, mnohem m\u00e9n\u011b vybaven\u00e1 ne\u017e Robinson, Louise by z\u0159ejm\u011b nep\u0159e\u017eila zimu. Ona se ale neboj\u00ed a sv\u00e9 opu\u0161t\u011bn\u00ed pova\u017euje za v\u00fdzvu. Zkrot\u00ed p\u0159\u00edrodn\u00ed \u017eivly a samotu. Jej\u00ed vzpom\u00ednky vyu\u017e\u00edvaj\u00ed p\u0159\u00edle\u017eitost k tomu, aby v\u0161e p\u0159em\u011bnily v dobrodru\u017estv\u00ed. Dokud j\u00ed nebude odhaleno vysv\u011btlen\u00ed a v\u0161e se nevr\u00e1t\u00ed do norm\u00e1lu.<br><em>Prom\u00edt\u00e1n\u00ed ve francouzsk\u00e9m origin\u00e1le s \u010desk\u00fdmi titulky<br>Vstup zdarma, s podporou IFCin\u00e9ma<\/em><\/p>\n\n\n\n<p><mark style=\"background-color:rgba(0, 0, 0, 0)\" class=\"has-inline-color has-red-color\">Nev\u00e1hejte a p\u0159ij\u010fte s n\u00e1mi oslavit Dny frankofonie!<br>Co jsou Dny frankofonie? Dny frankofonie jsou ka\u017edoro\u010dn\u011b oslavov\u00e1ny 300 miliony lid\u00ed po cel\u00e9m sv\u011bt\u011b. Mezin\u00e1rodn\u00ed den frankofonie p\u0159ipad\u00e1 na 20. b\u0159ezna, nicm\u00e9n\u011b ud\u00e1losti oslavuj\u00edc\u00ed frankofonii z\u00e1jemc\u016fm nab\u00eddnou program b\u011bhem cel\u00e9ho m\u011bs\u00edce b\u0159ezna.<\/mark><\/p>\n\n\n\n<p><mark style=\"background-color:rgba(0, 0, 0, 0)\" class=\"has-inline-color has-red-color\">Francouzsk\u00fd jazyk v \u010d\u00edslech:<br>321 milion\u016f lid\u00ed na cel\u00e9m sv\u011bt\u011b mluv\u00ed francouzsky<br>5. nejpou\u017e\u00edvan\u011bj\u0161\u00ed jazyk na sv\u011bt\u011b<br>93 milion\u016f \u017e\u00e1k\u016f a student\u016f m\u00e1 francouz\u0161tinu jako vyu\u010dovac\u00ed jazyk<br>4. jazyk na internetu<br>51 milion\u016f lid\u00ed se u\u010d\u00ed francouzsky<\/mark><\/p>\n","protected":false},"excerpt":{"rendered":"<p>B\u0159ezen je m\u011bs\u00edcem frankofonie. Francouzsk\u00e1 Aliance Ji\u017en\u00ed \u010cechy po\u0159\u00e1d\u00e1 p\u0159i t\u00e9to p\u0159\u00edle\u017eitosti n\u011bkolik ud\u00e1lost\u00ed, kter\u00e9 nadchnou d\u011bti i dosp\u011bl\u00e9.<\/p>\n","protected":false},"author":4,"featured_media":7281,"comment_status":"closed","ping_status":"closed","sticky":false,"template":"","format":"standard","meta":{"_acf_changed":false,"footnotes":""},"categories":[7],"tags":[89,97,92,86,87,91,94,95,98,85,96,93,41,88,90],"class_list":["post-7280","post","type-post","status-publish","format-standard","has-post-thumbnail","hentry","category-dny-frankofonie","tag-alliance-francaise","tag-ceska-republika","tag-dny-frankofonie","tag-evenements-culturels","tag-francophonie","tag-francophonie-2024","tag-francouzstina","tag-frankofonie","tag-frankofonie-2024","tag-journees-de-la-francophonie","tag-kulturni-program","tag-kulturni-udalosti","tag-langue-francaise","tag-programme-culturel","tag-tchequie"],"acf":[],"_links":{"self":[{"href":"https:\/\/www.alliancefrancaise.cz\/jiznicechy\/wp-json\/wp\/v2\/posts\/7280","targetHints":{"allow":["GET"]}}],"collection":[{"href":"https:\/\/www.alliancefrancaise.cz\/jiznicechy\/wp-json\/wp\/v2\/posts"}],"about":[{"href":"https:\/\/www.alliancefrancaise.cz\/jiznicechy\/wp-json\/wp\/v2\/types\/post"}],"author":[{"embeddable":true,"href":"https:\/\/www.alliancefrancaise.cz\/jiznicechy\/wp-json\/wp\/v2\/users\/4"}],"replies":[{"embeddable":true,"href":"https:\/\/www.alliancefrancaise.cz\/jiznicechy\/wp-json\/wp\/v2\/comments?post=7280"}],"version-history":[{"count":6,"href":"https:\/\/www.alliancefrancaise.cz\/jiznicechy\/wp-json\/wp\/v2\/posts\/7280\/revisions"}],"predecessor-version":[{"id":16755,"href":"https:\/\/www.alliancefrancaise.cz\/jiznicechy\/wp-json\/wp\/v2\/posts\/7280\/revisions\/16755"}],"wp:featuredmedia":[{"embeddable":true,"href":"https:\/\/www.alliancefrancaise.cz\/jiznicechy\/wp-json\/wp\/v2\/media\/7281"}],"wp:attachment":[{"href":"https:\/\/www.alliancefrancaise.cz\/jiznicechy\/wp-json\/wp\/v2\/media?parent=7280"}],"wp:term":[{"taxonomy":"category","embeddable":true,"href":"https:\/\/www.alliancefrancaise.cz\/jiznicechy\/wp-json\/wp\/v2\/categories?post=7280"},{"taxonomy":"post_tag","embeddable":true,"href":"https:\/\/www.alliancefrancaise.cz\/jiznicechy\/wp-json\/wp\/v2\/tags?post=7280"}],"curies":[{"name":"wp","href":"https:\/\/api.w.org\/{rel}","templated":true}]}}