{"id":7291,"date":"2024-02-22T14:09:08","date_gmt":"2024-02-22T13:09:08","guid":{"rendered":"https:\/\/www.alliancefrancaise.cz\/jiznicechy\/?p=7291"},"modified":"2026-02-16T15:12:45","modified_gmt":"2026-02-16T14:12:45","slug":"senegalsky-vecer","status":"publish","type":"post","link":"https:\/\/www.alliancefrancaise.cz\/jiznicechy\/senegalsky-vecer\/","title":{"rendered":"Senegalsk\u00fd ve\u010der"},"content":{"rendered":"\n<p><strong>Kde?<\/strong>&nbsp;Alliance Fran\u00e7aise Ji\u017en\u00ed \u010cechy<br><strong>Kdy?<\/strong>&nbsp;Pond\u011bl\u00ed 18. b\u0159ezna od 18.30 hod.<\/p>\n\n\n\n<figure class=\"wp-block-image size-large\"><img loading=\"lazy\" decoding=\"async\" width=\"1360\" height=\"765\" src=\"https:\/\/www.alliancefrancaise.cz\/jiznicechy\/wp-content\/uploads\/2024\/02\/Soiree-Senegal-1360x765.png\" alt=\"\" class=\"wp-image-7292\" style=\"aspect-ratio:4\/3;object-fit:cover\" srcset=\"https:\/\/www.alliancefrancaise.cz\/jiznicechy\/wp-content\/uploads\/2024\/02\/Soiree-Senegal-1360x765.png 1360w, https:\/\/www.alliancefrancaise.cz\/jiznicechy\/wp-content\/uploads\/2024\/02\/Soiree-Senegal-460x259.png 460w, https:\/\/www.alliancefrancaise.cz\/jiznicechy\/wp-content\/uploads\/2024\/02\/Soiree-Senegal-768x432.png 768w, https:\/\/www.alliancefrancaise.cz\/jiznicechy\/wp-content\/uploads\/2024\/02\/Soiree-Senegal.png 1920w\" sizes=\"auto, (max-width: 1360px) 100vw, 1360px\" \/><\/figure>\n\n\n\n<p><br>Senegal je jedine\u010dnou zem\u00ed ve francouzsky mluv\u00edc\u00edm sv\u011bt\u011b. Kosmopolitn\u00ed zem\u011b z\u00e1padn\u00ed Afriky &#8211; ohrani\u010den\u00e1 Atlantsk\u00fdm oce\u00e1nem &#8211; zauj\u00edm\u00e1 v\u00fdznamn\u00e9 m\u00edsto v d\u011bjin\u00e1ch africk\u00e9ho kontinentu. Byla m\u00edstem, odkud nebylo n\u00e1vratu pro deportovan\u00e9 otroky, hlavn\u00edm m\u011bstem francouzsk\u00e9 z\u00e1padn\u00ed Afriky v dob\u011b francouzsk\u00e9 kolonizace a intelektu\u00e1ln\u00ed demokraci\u00ed s b\u00e1sn\u00edkem L\u00e9opoldem S\u00e9darem Senghorem. Tuto kr\u00e1snou zemi n\u00e1m p\u0159edstav\u00ed Aly Djiba, Senegalec, kter\u00fd vyu\u010duje francouz\u0161tinu v \u010cesk\u00fdch Bud\u011bjovic\u00edch. Budeme m\u00edt tak\u00e9 p\u0159\u00edle\u017eitost ochutnat tradi\u010dn\u00ed senegalsk\u00e9 j\u00eddlo.<\/p>\n\n\n\n<p><br><em>Ve\u010der ve francouz\u0161tin\u011b a \u010de\u0161tin\u011b&nbsp;<br>Po\u010det m\u00edst omezen na 16 osob<br>150,- K\u010d (100,- K\u010d pro \u010dleny Alliance Fran\u00e7aise)<\/em><\/p>\n","protected":false},"excerpt":{"rendered":"<p>Senegal je jedine\u010dnou zem\u00ed ve francouzsky mluv\u00edc\u00edm sv\u011bt\u011b. Kosmopolitn\u00ed zem\u011b z\u00e1padn\u00ed Afriky &#8211; ohrani\u010den\u00e1 Atlantsk\u00fdm oce\u00e1nem &#8211; zauj\u00edm\u00e1 v\u00fdznamn\u00e9 m\u00edsto v d\u011bjin\u00e1ch africk\u00e9ho kontinentu. <\/p>\n","protected":false},"author":4,"featured_media":7292,"comment_status":"closed","ping_status":"closed","sticky":false,"template":"","format":"standard","meta":{"_acf_changed":false,"footnotes":""},"categories":[7],"tags":[123,97,58,59,95,98,96,60,42,125,124],"class_list":["post-7291","post","type-post","status-publish","format-standard","has-post-thumbnail","hentry","category-dny-frankofonie","tag-alliance-francaise-jizni-cechy","tag-ceska-republika","tag-francais","tag-francouzsku","tag-frankofonie","tag-frankofonie-2024","tag-kulturni-program","tag-langue","tag-rencontre","tag-senegal","tag-senegalsky-vecer"],"acf":[],"_links":{"self":[{"href":"https:\/\/www.alliancefrancaise.cz\/jiznicechy\/wp-json\/wp\/v2\/posts\/7291","targetHints":{"allow":["GET"]}}],"collection":[{"href":"https:\/\/www.alliancefrancaise.cz\/jiznicechy\/wp-json\/wp\/v2\/posts"}],"about":[{"href":"https:\/\/www.alliancefrancaise.cz\/jiznicechy\/wp-json\/wp\/v2\/types\/post"}],"author":[{"embeddable":true,"href":"https:\/\/www.alliancefrancaise.cz\/jiznicechy\/wp-json\/wp\/v2\/users\/4"}],"replies":[{"embeddable":true,"href":"https:\/\/www.alliancefrancaise.cz\/jiznicechy\/wp-json\/wp\/v2\/comments?post=7291"}],"version-history":[{"count":3,"href":"https:\/\/www.alliancefrancaise.cz\/jiznicechy\/wp-json\/wp\/v2\/posts\/7291\/revisions"}],"predecessor-version":[{"id":7329,"href":"https:\/\/www.alliancefrancaise.cz\/jiznicechy\/wp-json\/wp\/v2\/posts\/7291\/revisions\/7329"}],"wp:featuredmedia":[{"embeddable":true,"href":"https:\/\/www.alliancefrancaise.cz\/jiznicechy\/wp-json\/wp\/v2\/media\/7292"}],"wp:attachment":[{"href":"https:\/\/www.alliancefrancaise.cz\/jiznicechy\/wp-json\/wp\/v2\/media?parent=7291"}],"wp:term":[{"taxonomy":"category","embeddable":true,"href":"https:\/\/www.alliancefrancaise.cz\/jiznicechy\/wp-json\/wp\/v2\/categories?post=7291"},{"taxonomy":"post_tag","embeddable":true,"href":"https:\/\/www.alliancefrancaise.cz\/jiznicechy\/wp-json\/wp\/v2\/tags?post=7291"}],"curies":[{"name":"wp","href":"https:\/\/api.w.org\/{rel}","templated":true}]}}