{"id":7297,"date":"2024-02-22T14:17:59","date_gmt":"2024-02-22T13:17:59","guid":{"rendered":"https:\/\/www.alliancefrancaise.cz\/jiznicechy\/?p=7297"},"modified":"2026-02-16T15:12:36","modified_gmt":"2026-02-16T14:12:36","slug":"filmovy-klub-louisa-na-pobrezi","status":"publish","type":"post","link":"https:\/\/www.alliancefrancaise.cz\/jiznicechy\/filmovy-klub-louisa-na-pobrezi\/","title":{"rendered":"Filmov\u00fd klub \u00ab Louisa Na Pob\u0159e\u017e\u00ed \u00bb"},"content":{"rendered":"\n<p><strong>Kde?<\/strong>&nbsp;Alliance Fran\u00e7aise Ji\u017en\u00ed \u010cechy<br><strong>Kdy?&nbsp;<\/strong>\u010ctvrtek 21. b\u0159ezna, od 19:00 hodin<\/p>\n\n\n\n<figure class=\"wp-block-image size-full is-resized\"><img loading=\"lazy\" decoding=\"async\" width=\"1000\" height=\"563\" src=\"https:\/\/www.alliancefrancaise.cz\/jiznicechy\/wp-content\/uploads\/2024\/02\/Louise-en-hiver-rectangle.jpg\" alt=\"\" class=\"wp-image-7301\" style=\"aspect-ratio:1.3333333333333333;object-fit:cover;width:478px;height:auto\" srcset=\"https:\/\/www.alliancefrancaise.cz\/jiznicechy\/wp-content\/uploads\/2024\/02\/Louise-en-hiver-rectangle.jpg 1000w, https:\/\/www.alliancefrancaise.cz\/jiznicechy\/wp-content\/uploads\/2024\/02\/Louise-en-hiver-rectangle-460x259.jpg 460w, https:\/\/www.alliancefrancaise.cz\/jiznicechy\/wp-content\/uploads\/2024\/02\/Louise-en-hiver-rectangle-768x432.jpg 768w\" sizes=\"auto, (max-width: 1000px) 100vw, 1000px\" \/><\/figure>\n\n\n\n<p><br>Na konci l\u00e9ta ujel d\u016fchodkyni Louise z pob\u0159e\u017en\u00edho letoviska posledn\u00ed vlak. M\u011bsto je opu\u0161t\u011bn\u00e9. Po\u010das\u00ed se rychle zhor\u0161uje, p\u0159ich\u00e1z\u00ed v\u00fdrazn\u00e9 p\u0159\u00edlivy a odlivy, a to v\u0161e zp\u016fsobuje omezen\u00e9 fungov\u00e1n\u00ed elekt\u0159iny i komunika\u010dn\u00edch prost\u0159edk\u016f. K\u0159ehk\u00e1 a koketn\u00ed, mnohem m\u00e9n\u011b vybaven\u00e1 ne\u017e Robinson, Louise by z\u0159ejm\u011b nep\u0159e\u017eila zimu. Ona se ale neboj\u00ed a sv\u00e9 opu\u0161t\u011bn\u00ed pova\u017euje za v\u00fdzvu. Zkrot\u00ed p\u0159\u00edrodn\u00ed \u017eivly a samotu. Jej\u00ed vzpom\u00ednky vyu\u017e\u00edvaj\u00ed p\u0159\u00edle\u017eitost k tomu, aby v\u0161e p\u0159em\u011bnily v dobrodru\u017estv\u00ed. Dokud j\u00ed nebude odhaleno vysv\u011btlen\u00ed a v\u0161e se nevr\u00e1t\u00ed do norm\u00e1lu.<\/p>\n\n\n\n<p><br><em>Prom\u00edt\u00e1n\u00ed ve francouzsk\u00e9m origin\u00e1le s \u010desk\u00fdmi titulky<br>Vstup zdarma, s podporou IFCin\u00e9ma<\/em><\/p>\n","protected":false},"excerpt":{"rendered":"<p>Prom\u00edt\u00e1n\u00ed ve francouzsk\u00e9m origin\u00e1le s \u010desk\u00fdmi titulky. Vstup zdarma, s podporou IFCin\u00e9ma<\/p>\n","protected":false},"author":4,"featured_media":7301,"comment_status":"closed","ping_status":"closed","sticky":false,"template":"","format":"standard","meta":{"_acf_changed":false,"footnotes":""},"categories":[52],"tags":[89,135,143,149,97,130,129,139,134,136,137,132,146,140,141,58,145,147,144,59,95,98,133,96,60,138,142,131,42,148],"class_list":["post-7297","post","type-post","status-publish","format-standard","has-post-thumbnail","hentry","category-filmovy-klub","tag-alliance-francaise","tag-animation-francaise","tag-animovany-film","tag-artove-a-experimentalni-kino","tag-ceska-republika","tag-cine-club","tag-cine-club-louise-en-hiver-film-danimation-alliance-francaise-jizni-cechy-region-cinema-francais-animation-francaise-cinephiles-culture-francaise-loisirs-cinema-dart-et-dessai","tag-cinema-dart-et-dessai","tag-cinema-francais","tag-cinephiles","tag-culture-francaise","tag-film-danimation","tag-filmovi-nadsenci","tag-filmovy-klub","tag-filmovy-klub-louisa-na-pobrezi","tag-francais","tag-francouzska-animace","tag-francouzska-kultura","tag-francouzske-kino","tag-francouzsku","tag-frankofonie","tag-frankofonie-2024","tag-jizni-cechy-region","tag-kulturni-program","tag-langue","tag-loisirs","tag-louisa-na-pobrezi","tag-louise-en-hiver","tag-rencontre","tag-zabava"],"acf":[],"_links":{"self":[{"href":"https:\/\/www.alliancefrancaise.cz\/jiznicechy\/wp-json\/wp\/v2\/posts\/7297","targetHints":{"allow":["GET"]}}],"collection":[{"href":"https:\/\/www.alliancefrancaise.cz\/jiznicechy\/wp-json\/wp\/v2\/posts"}],"about":[{"href":"https:\/\/www.alliancefrancaise.cz\/jiznicechy\/wp-json\/wp\/v2\/types\/post"}],"author":[{"embeddable":true,"href":"https:\/\/www.alliancefrancaise.cz\/jiznicechy\/wp-json\/wp\/v2\/users\/4"}],"replies":[{"embeddable":true,"href":"https:\/\/www.alliancefrancaise.cz\/jiznicechy\/wp-json\/wp\/v2\/comments?post=7297"}],"version-history":[{"count":4,"href":"https:\/\/www.alliancefrancaise.cz\/jiznicechy\/wp-json\/wp\/v2\/posts\/7297\/revisions"}],"predecessor-version":[{"id":7357,"href":"https:\/\/www.alliancefrancaise.cz\/jiznicechy\/wp-json\/wp\/v2\/posts\/7297\/revisions\/7357"}],"wp:featuredmedia":[{"embeddable":true,"href":"https:\/\/www.alliancefrancaise.cz\/jiznicechy\/wp-json\/wp\/v2\/media\/7301"}],"wp:attachment":[{"href":"https:\/\/www.alliancefrancaise.cz\/jiznicechy\/wp-json\/wp\/v2\/media?parent=7297"}],"wp:term":[{"taxonomy":"category","embeddable":true,"href":"https:\/\/www.alliancefrancaise.cz\/jiznicechy\/wp-json\/wp\/v2\/categories?post=7297"},{"taxonomy":"post_tag","embeddable":true,"href":"https:\/\/www.alliancefrancaise.cz\/jiznicechy\/wp-json\/wp\/v2\/tags?post=7297"}],"curies":[{"name":"wp","href":"https:\/\/api.w.org\/{rel}","templated":true}]}}