{"id":7359,"date":"2024-05-17T10:50:29","date_gmt":"2024-05-17T08:50:29","guid":{"rendered":"https:\/\/www.alliancefrancaise.cz\/jiznicechy\/?p=7359"},"modified":"2026-04-20T11:36:57","modified_gmt":"2026-04-20T09:36:57","slug":"festival-bonjour-budejovice","status":"publish","type":"post","link":"https:\/\/www.alliancefrancaise.cz\/jiznicechy\/festival-bonjour-budejovice\/","title":{"rendered":"Festival Bonjour Bud\u011bjovice 2024"},"content":{"rendered":"\n<p>Alliance Fran\u00e7aise Ji\u017en\u00ed \u010cechy ve spolupr\u00e1ci se sv\u00fdmi partnery ka\u017edoro\u010dn\u011b organizuje multikulturn\u00ed Festival Bonjour Bud\u011bjovice. Tato akce, kter\u00e1 je v\u00fdznamnou ud\u00e1lost\u00ed oslavuj\u00edc\u00ed francouzskou, frankofonn\u00ed i \u010deskou kulturu, si klade za c\u00edl oslavit p\u0159\u00e1telsk\u00e9 vazby mezi Franci\u00ed a \u010ceskou republikou. Od 12. do 27. \u010dervna 2024 p\u0159edstav\u00edme ji\u017e 28. ro\u010dn\u00edk festivalu, kter\u00fd op\u011bt uct\u00ed partnerstv\u00ed mezi m\u011bsty Lorient (Breta\u0148, Francie) a \u010cesk\u00e9 Bud\u011bjovice (Jiho\u010desk\u00fd kraj, \u010cesk\u00e1 republika). Ro\u010dn\u00edk 2024 bude velice v\u00fdjime\u010dn\u00fd, proto\u017ee jej vyu\u017eijeme k oslav\u00e1m 20 let existence Francouzsk\u00e9 Aliance. <\/p>\n\n\n\n<h5 class=\"wp-block-heading\"><strong><strong>Vernis\u00e1\u017e v\u00fdstavy\u201eLa France de Jind\u0159ich \u0160treit\u201c<\/strong><\/strong><\/h5>\n\n\n\n<figure class=\"wp-block-image size-large is-style-default\"><img loading=\"lazy\" decoding=\"async\" width=\"1360\" height=\"765\" src=\"https:\/\/www.alliancefrancaise.cz\/jiznicechy\/wp-content\/uploads\/2024\/04\/Vernissage-baneer-1360x765.png\" alt=\"\" class=\"wp-image-15866\" style=\"aspect-ratio:16\/9;object-fit:cover\" srcset=\"https:\/\/www.alliancefrancaise.cz\/jiznicechy\/wp-content\/uploads\/2024\/04\/Vernissage-baneer-1360x765.png 1360w, https:\/\/www.alliancefrancaise.cz\/jiznicechy\/wp-content\/uploads\/2024\/04\/Vernissage-baneer-460x259.png 460w, https:\/\/www.alliancefrancaise.cz\/jiznicechy\/wp-content\/uploads\/2024\/04\/Vernissage-baneer-768x432.png 768w, https:\/\/www.alliancefrancaise.cz\/jiznicechy\/wp-content\/uploads\/2024\/04\/Vernissage-baneer.png 1920w\" sizes=\"auto, (max-width: 1360px) 100vw, 1360px\" \/><\/figure>\n\n\n\n<p>Jind\u0159ich \u0160treit je pova\u017eov\u00e1n za jednoho z nejlep\u0161\u00edch dokument\u00e1rn\u00edch fotograf\u016f, p\u0159ipravil 1570 v\u00fdstav, z\u00fa\u010dastnil se mnoha v\u00fdstav skupinov\u00fdch, je zastoupen v p\u0159edn\u00edch sv\u011btov\u00fdch sb\u00edrk\u00e1ch a bylo mu v\u011bnov\u00e1no n\u011bkolik film\u016f. Na zah\u00e1jen\u00ed festivalu budeme m\u00edt tu \u010dest p\u0159iv\u00edtat jej ve v\u00fdstavn\u00ed galerii radnice, kde p\u0159edstav\u00ed sv\u00e9 fotografie Francie.<\/p>\n\n\n\n<ul class=\"wp-block-list\">\n<li><strong>Kdy?<\/strong> St\u0159eda 12. \u010dervna, od 16:30<\/li>\n\n\n\n<li><strong>Kde?<\/strong>&nbsp; Galerie um\u011bn\u00ed na radnici \u2013 N\u00e1m\u011bst\u00ed P\u0159emysla Otakara II. 1, \u010cB<\/li>\n\n\n\n<li><strong>Cena? <\/strong>Zdarma, ob\u010derstven\u00ed zaji\u0161t\u011bno<\/li>\n<\/ul>\n\n\n\n<h5 class=\"wp-block-heading\"><strong><strong><em>Le March\u00e9<\/em>, trh s francouzsk\u00fdmi produkty&nbsp;<\/strong><\/strong><\/h5>\n\n\n\n<figure class=\"wp-block-image size-large\"><img loading=\"lazy\" decoding=\"async\" width=\"1360\" height=\"765\" src=\"https:\/\/www.alliancefrancaise.cz\/jiznicechy\/wp-content\/uploads\/2024\/04\/Marche-francais-baneer-1360x765.png\" alt=\"\" class=\"wp-image-15837\" style=\"aspect-ratio:16\/9;object-fit:cover\" srcset=\"https:\/\/www.alliancefrancaise.cz\/jiznicechy\/wp-content\/uploads\/2024\/04\/Marche-francais-baneer-1360x765.png 1360w, https:\/\/www.alliancefrancaise.cz\/jiznicechy\/wp-content\/uploads\/2024\/04\/Marche-francais-baneer-460x259.png 460w, https:\/\/www.alliancefrancaise.cz\/jiznicechy\/wp-content\/uploads\/2024\/04\/Marche-francais-baneer-768x432.png 768w, https:\/\/www.alliancefrancaise.cz\/jiznicechy\/wp-content\/uploads\/2024\/04\/Marche-francais-baneer.png 1920w\" sizes=\"auto, (max-width: 1360px) 100vw, 1360px\" \/><\/figure>\n\n\n\n<p><em>Le March\u00e9<\/em>, trh s francouzsk\u00fdmi a frankofonn\u00edmi produkty, nab\u00eddne m\u00edstn\u00edm obyvatel\u016fm na jeden den mo\u017enost poznat des\u00edtku obchodn\u00edk\u016f a francouzskou a frankofonn\u00ed gastronomii. Cel\u00fdm dnem n\u00e1s bude prov\u00e1zet \u0159ada koncert\u016f a vrcholem ve\u010dera bude francouzsk\u00e1 kapela z Lorientu!<\/p>\n\n\n\n<ul class=\"wp-block-list\">\n<li><strong>Kdy?<\/strong> P\u00e1tek 14. \u010dervna, od 9:00 do 22:00<\/li>\n\n\n\n<li><strong>Kde?<\/strong> Piaristick\u00e9 n\u00e1m\u011bst\u00ed, \u010cB<\/li>\n\n\n\n<li><strong>Cena?<\/strong> Zdarma, mo\u017enost zakoupen\u00ed j\u00eddla a pit\u00ed&nbsp;<\/li>\n<\/ul>\n\n\n\n<h5 class=\"wp-block-heading\">Koncert francouzsk\u00e9 zp\u011bva\u010dky C\u00e9cile A <\/h5>\n\n\n\n<figure class=\"wp-block-image size-large\"><img loading=\"lazy\" decoding=\"async\" width=\"1360\" height=\"765\" src=\"https:\/\/www.alliancefrancaise.cz\/jiznicechy\/wp-content\/uploads\/2024\/05\/Cecile-A-baneer-2-1360x765.png\" alt=\"\" class=\"wp-image-16133\" style=\"aspect-ratio:16\/9;object-fit:cover\" srcset=\"https:\/\/www.alliancefrancaise.cz\/jiznicechy\/wp-content\/uploads\/2024\/05\/Cecile-A-baneer-2-1360x765.png 1360w, https:\/\/www.alliancefrancaise.cz\/jiznicechy\/wp-content\/uploads\/2024\/05\/Cecile-A-baneer-2-460x259.png 460w, https:\/\/www.alliancefrancaise.cz\/jiznicechy\/wp-content\/uploads\/2024\/05\/Cecile-A-baneer-2-768x432.png 768w, https:\/\/www.alliancefrancaise.cz\/jiznicechy\/wp-content\/uploads\/2024\/05\/Cecile-A-baneer-2.png 1920w\" sizes=\"auto, (max-width: 1360px) 100vw, 1360px\" \/><figcaption class=\"wp-element-caption\">\u00a9 Pierre le Ruyet <\/figcaption><\/figure>\n\n\n\n<p>Talentovan\u00e1 zp\u011bva\u010dka C\u00e9cile A pr\u00e1v\u011b dorazila z Lorientu a 14. \u010dervna u n\u00e1s na March\u00e9 fran\u00e7ais v\u00e1m p\u0159inese vynikaj\u00edc\u00ed koncert!<\/p>\n\n\n\n<p>Nad\u011bje. Sn\u00edt.<\/p>\n\n\n\n<p>Nov\u00fd sv\u011bt.<\/p>\n\n\n\n<p>Sv\u00edtit. Obrovsk\u00fd. Fialov\u00fd. \u010cerven\u00fd. R\u016f\u017eov\u00fd.<\/p>\n\n\n\n<p>Nov\u00fd \u010dasoprostor vytesan\u00fd vok\u00e1ln\u00edmi a kv\u011btinov\u00fdmi volutami, na pomez\u00ed popu a soulu. Lehce magick\u00e9 m\u00edsto, daleko od v\u0161eho. <\/p>\n\n\n\n<p>Cecile A m\u00e1 velk\u00e9 sny. Jemn\u011b &amp; okouzlen\u011b obj\u00edm\u00e1 elegantn\u00ed p\u00edsn\u011b p\u0159ipom\u00ednaj\u00edc\u00ed Kate Bush, Tori Amos nebo Yael Naim. HOPE, jej\u00ed 1. album, pr\u00e1v\u011b vy\u0161lo (01\/03\/24) u Inouie. <\/p>\n\n\n\n<ul class=\"wp-block-list\">\n<li><strong>Kdy? <\/strong>P\u00e1tek 14. \u010dervna 2024 od 18.45 hod. <\/li>\n\n\n\n<li><strong>Kde?<\/strong> Piaristick\u00e9 n\u00e1m. v \u010cesk\u00fdch Bud\u011bjovic\u00edch<\/li>\n\n\n\n<li><strong>Cena?<\/strong> Vstup zdarma, j\u00eddlo a pit\u00ed k dispozici na m\u00edst\u011b<\/li>\n<\/ul>\n\n\n\n<h5 class=\"wp-block-heading\"><strong>Francouzsk\u00fd ve\u010der v Letn\u00edm kin\u011b : \u201cUm\u011bn\u00ed j\u00edst a milovat\u201d<\/strong><\/h5>\n\n\n\n<p>Francouzsk\u00e1 noc v Letn\u00edm kin\u011b! V r\u00e1mci festivalu Bonjour Bud\u011bjovice v\u00e1s zveme na prom\u00edt\u00e1n\u00ed pod \u0161ir\u00fdm nebem, kter\u00e9 pot\u011b\u0161\u00ed mal\u00e9 i velk\u00e9! P\u0159ed filmem, ve\u010der je\u0161t\u011b v\u00edce o\u017eiv\u00ed \u017eiv\u00e1 hudba, j\u00eddlo a pit\u00ed.<\/p>\n\n\n\n<p>Eug\u00e9nie, vynikaj\u00edc\u00ed kucha\u0159ka, pracuje ji\u017e 20 let pro slavn\u00e9ho gastronoma Dodina. Jejich v\u00e1\u0161e\u0148 pro gastronomii a vz\u00e1jemn\u00fd obdiv vedly v pr\u016fb\u011bhu let k l\u00e1skypln\u00e9mu vztahu. V\u00fdsledkem byla \u0159ada pokrm\u016f, ka\u017ed\u00fd lahodn\u011bj\u0161\u00ed a delik\u00e1tn\u011bj\u0161\u00ed ne\u017e ten p\u0159edchoz\u00ed, kter\u00e9 postupn\u011b ohromily nejv\u011bt\u0161\u00ed sv\u011btov\u00e9 \u0161\u00e9fkucha\u0159e. Eug\u00e9nie, tou\u017e\u00edc\u00ed po svobod\u011b, si v\u0161ak Dodina nikdy necht\u011bla vz\u00edt. Dodin se tedy rozhodl ud\u011blat n\u011bco, co nikdy p\u0159edt\u00edm ned\u011blal: va\u0159it pro ni.<\/p>\n\n\n\n<ul class=\"wp-block-list\">\n<li><strong>Kdy?<\/strong> P\u00e1tek 14. \u010dervna od 21h30&nbsp;<\/li>\n\n\n\n<li><strong>Kde? <\/strong>Letn\u00ed kino H\u00e1je\u010dek, Franti\u0161ka Anton\u00edna Gerstnera 8, \u010cB<\/li>\n\n\n\n<li><strong>Jazyk?<\/strong> francouzsky s&nbsp;\u010desk\u00fdmi titulky&nbsp;<\/li>\n\n\n\n<li><strong>Cena?<\/strong> 100,- K\u010d<\/li>\n<\/ul>\n\n\n\n<p><em>Film od Tran Anh Hung ve spolupr\u00e1ci s Juliette Binoche, Beno\u00eet Magimel, Emmanuel Salinger<\/em><\/p>\n\n\n\n<p><em>Ve spolupr\u00e1ci s Letn\u00edm kinem H\u00e1je\u010dek&nbsp;<\/em><\/p>\n\n\n\n<h5 class=\"wp-block-heading\"><strong>Odpoledne s p\u00e9tanque<\/strong><\/h5>\n\n\n\n<figure class=\"wp-block-image size-large\"><img loading=\"lazy\" decoding=\"async\" width=\"1360\" height=\"765\" src=\"https:\/\/www.alliancefrancaise.cz\/jiznicechy\/wp-content\/uploads\/2024\/04\/Petanque-baneer-1360x765.png\" alt=\"\" class=\"wp-image-15876\" style=\"aspect-ratio:16\/9;object-fit:cover\" srcset=\"https:\/\/www.alliancefrancaise.cz\/jiznicechy\/wp-content\/uploads\/2024\/04\/Petanque-baneer-1360x765.png 1360w, https:\/\/www.alliancefrancaise.cz\/jiznicechy\/wp-content\/uploads\/2024\/04\/Petanque-baneer-460x259.png 460w, https:\/\/www.alliancefrancaise.cz\/jiznicechy\/wp-content\/uploads\/2024\/04\/Petanque-baneer-768x432.png 768w, https:\/\/www.alliancefrancaise.cz\/jiznicechy\/wp-content\/uploads\/2024\/04\/Petanque-baneer.png 1920w\" sizes=\"auto, (max-width: 1360px) 100vw, 1360px\" \/><\/figure>\n\n\n\n<p>Pro\u017eijte typick\u00e9 sobotn\u00ed odpoledne tak, jak jsou zvykl\u00ed v ji\u017en\u00ed Francii ! Ve spolupr\u00e1ci s klubem Aktiv po\u0159\u00e1d\u00e1me odpoledne s p\u00e9tanque. Bude to p\u0159\u00edle\u017eitost str\u00e1vit spole\u010dn\u011b p\u0159\u00edjemn\u00fd \u010das nap\u0159\u00ed\u010d v\u0161emi generacemi, objevit tuto kr\u00e1snou provens\u00e1lskou hru pro ty, kte\u0159\u00ed ji neznaj\u00ed, a odpo\u010dinout si u sklenky pastisu! Po\u010det m\u00edst je omezen, v p\u0159\u00edpad\u011b z\u00e1jmu si pros\u00edm m\u00edsta rezervujte.<\/p>\n\n\n\n<ul class=\"wp-block-list\">\n<li><strong>Kdy?<\/strong> Sobota 15. \u010dervna, od 14:00<\/li>\n\n\n\n<li><strong>Kde? <\/strong>H\u0159i\u0161t\u011b P\u00e9tanque, Roudensk\u00e1 33, \u010cB<\/li>\n\n\n\n<li><strong>Cena?<\/strong> Zdarma<\/li>\n<\/ul>\n\n\n\n<h5 class=\"wp-block-heading\"><strong><strong>Liter\u00e1rn\u00ed p\u0159edn\u00e1\u0161ka o Saint-Exup\u00e9rym&nbsp;<\/strong><\/strong><\/h5>\n\n\n\n<figure class=\"wp-block-image size-large\"><img loading=\"lazy\" decoding=\"async\" width=\"1360\" height=\"765\" src=\"https:\/\/www.alliancefrancaise.cz\/jiznicechy\/wp-content\/uploads\/2024\/04\/Conference-litteraire-baneer-1360x765.png\" alt=\"\" class=\"wp-image-15894\" style=\"aspect-ratio:16\/9;object-fit:cover\" srcset=\"https:\/\/www.alliancefrancaise.cz\/jiznicechy\/wp-content\/uploads\/2024\/04\/Conference-litteraire-baneer-1360x765.png 1360w, https:\/\/www.alliancefrancaise.cz\/jiznicechy\/wp-content\/uploads\/2024\/04\/Conference-litteraire-baneer-460x259.png 460w, https:\/\/www.alliancefrancaise.cz\/jiznicechy\/wp-content\/uploads\/2024\/04\/Conference-litteraire-baneer-768x432.png 768w, https:\/\/www.alliancefrancaise.cz\/jiznicechy\/wp-content\/uploads\/2024\/04\/Conference-litteraire-baneer.png 1920w\" sizes=\"auto, (max-width: 1360px) 100vw, 1360px\" \/><\/figure>\n\n\n\n<p>V roce 2024 si p\u0159ipom\u00edn\u00e1me nejen 80. v\u00fdro\u010d\u00ed vylod\u011bn\u00ed v Normandii, ale tak\u00e9 \u00famrt\u00ed slavn\u00e9ho Antoina de Saint-Exup\u00e9ryho &#8211; tehdy na misi francouzsk\u00e9ho odboje. Na konferenci v Jiho\u010desk\u00e9 v\u011bdeck\u00e9 knihovn\u011b se ohl\u00e9dneme za \u017eivotem tohoto spisovatele a jeho nejslavn\u011bj\u0161\u00edm d\u00edlem &#8211; Mal\u00fdm princem &#8211; napsan\u00fdm za druh\u00e9 sv\u011btov\u00e9 v\u00e1lky.<\/p>\n\n\n\n<ul class=\"wp-block-list\">\n<li><strong>Kdy?<\/strong> Pond\u011bl\u00ed 17. \u010dervna, od 17:30<\/li>\n\n\n\n<li><strong>Kde?<\/strong> Jiho\u010desk\u00e1 v\u011bdeck\u00e1 knihovna v \u010cesk\u00fdch Bud\u011bjovic\u00edch, Lidick\u00e1 t\u0159. 1, \u010cB<\/li>\n\n\n\n<li><strong>Jazyk? <\/strong>\u010ce\u0161tina&nbsp;<\/li>\n\n\n\n<li><strong>Cena? <\/strong>Zdarma<\/li>\n<\/ul>\n\n\n\n<h5 class=\"wp-block-heading\"><strong>Ochutn\u00e1vka francouzsk\u00fdch v\u00edn<\/strong><\/h5>\n\n\n\n<figure class=\"wp-block-image size-large\"><img loading=\"lazy\" decoding=\"async\" width=\"1360\" height=\"765\" src=\"https:\/\/www.alliancefrancaise.cz\/jiznicechy\/wp-content\/uploads\/2024\/04\/Degustation-de-vins-baneer-1360x765.png\" alt=\"\" class=\"wp-image-15913\" style=\"aspect-ratio:16\/9;object-fit:cover\" srcset=\"https:\/\/www.alliancefrancaise.cz\/jiznicechy\/wp-content\/uploads\/2024\/04\/Degustation-de-vins-baneer-1360x765.png 1360w, https:\/\/www.alliancefrancaise.cz\/jiznicechy\/wp-content\/uploads\/2024\/04\/Degustation-de-vins-baneer-460x259.png 460w, https:\/\/www.alliancefrancaise.cz\/jiznicechy\/wp-content\/uploads\/2024\/04\/Degustation-de-vins-baneer-768x432.png 768w, https:\/\/www.alliancefrancaise.cz\/jiznicechy\/wp-content\/uploads\/2024\/04\/Degustation-de-vins-baneer.png 1920w\" sizes=\"auto, (max-width: 1360px) 100vw, 1360px\" \/><\/figure>\n\n\n\n<p>R\u00e1di bychom v\u00e1s pozvali na tradi\u010dn\u00ed ochutn\u00e1vku francouzsk\u00fdch v\u00edn! Roman Farka n\u00e1s p\u0159iv\u00edt\u00e1 ve sv\u00e9 vinot\u00e9ce, aby n\u00e1m p\u0159edstavil ve\u0161kerou subtilnost v\u00edna prost\u0159ednictv\u00edm degustace \u010derven\u00fdch a b\u00edl\u00fdch v\u00edn z r\u016fzn\u00fdch francouzsk\u00fdch oblast\u00ed. Po\u010det m\u00edst je omezen, v p\u0159\u00edpad\u011b z\u00e1jmu si pros\u00edm m\u00edsta rezervujte.<\/p>\n\n\n\n<ul class=\"wp-block-list\">\n<li><strong>Kdy?<\/strong> St\u0159eda 19. \u010dervna, od 18h&nbsp;<\/li>\n\n\n\n<li><strong>Kde?<\/strong> Farkat\u00e9ka Farka Roman &#8211; Dr. Stejskala 111, \u010cB<\/li>\n\n\n\n<li><strong>Jazyk?<\/strong> \u010ce\u0161tina&nbsp;<\/li>\n\n\n\n<li><strong>Cena?<\/strong> 350,- K\u010d (300,- K\u010d pro \u010dleny Alliance Fran\u00e7aise)<\/li>\n<\/ul>\n\n\n\n<h5 class=\"wp-block-heading\"><strong>F\u00eate de la musique (Sv\u00e1tek hudby)&nbsp;<\/strong><\/h5>\n\n\n\n<figure class=\"wp-block-image size-large\"><img loading=\"lazy\" decoding=\"async\" width=\"1360\" height=\"765\" src=\"https:\/\/www.alliancefrancaise.cz\/jiznicechy\/wp-content\/uploads\/2024\/04\/Fete-de-la-musique-Baneer-1360x765.png\" alt=\"\" class=\"wp-image-15926\" style=\"aspect-ratio:16\/9;object-fit:cover\" srcset=\"https:\/\/www.alliancefrancaise.cz\/jiznicechy\/wp-content\/uploads\/2024\/04\/Fete-de-la-musique-Baneer-1360x765.png 1360w, https:\/\/www.alliancefrancaise.cz\/jiznicechy\/wp-content\/uploads\/2024\/04\/Fete-de-la-musique-Baneer-460x259.png 460w, https:\/\/www.alliancefrancaise.cz\/jiznicechy\/wp-content\/uploads\/2024\/04\/Fete-de-la-musique-Baneer-768x432.png 768w, https:\/\/www.alliancefrancaise.cz\/jiznicechy\/wp-content\/uploads\/2024\/04\/Fete-de-la-musique-Baneer.png 1920w\" sizes=\"auto, (max-width: 1360px) 100vw, 1360px\" \/><\/figure>\n\n\n\n<p>\u010cesk\u00e9 Bud\u011bjovice budou na za\u010d\u00e1tku l\u00e9ta \u017e\u00edt v rytmu hudby! \u010cesk\u00e9 Bud\u011bjovice se ji\u017e v\u00edce ne\u017e deset let \u00fa\u010dastn\u00ed festivalu Sv\u00e1tek hudby (F\u00eate de la Musique), kter\u00fd se po cel\u00e9m sv\u011bt\u011b slav\u00ed v\u017edy v dob\u011b letn\u00edho slunovratu. Sv\u00e1tek hudby se pravideln\u011b kon\u00e1 21. \u010dervna v t\u00e9m\u011b\u0159 120 zem\u00edch na 5 kontinentech. Ve \u010dtvrtek 20. \u010dervna a v p\u00e1tek 21. \u010dervna 2024 rozezn\u00ed \u010deskobud\u011bjovick\u00e1 ve\u0159ejn\u00e1 prostranstv\u00ed r\u016fzn\u00e9 hudebn\u00ed \u017e\u00e1nry, zn\u00e1m\u00e9 i m\u00e9n\u011b zn\u00e1m\u00e9 p\u00edsn\u011b a interpreti.<\/p>\n\n\n\n<ul class=\"wp-block-list\">\n<li><strong>Kdy?<\/strong> \u010ctvrtek 20. \u010dervna a p\u00e1tek 21. \u010dervna<\/li>\n\n\n\n<li><strong>Kde?<\/strong> \u010cesk\u00e9 Bud\u011bjovice&nbsp;<\/li>\n\n\n\n<li><strong>Cena?<\/strong> Zdarma<\/li>\n<\/ul>\n\n\n\n<h5 class=\"wp-block-heading\">\u201cMax a M\u00e1ja: P\u0159\u00edb\u011bh li\u0161ti\u010dek\u201d v Biografu Kotva<\/h5>\n\n\n\n<figure class=\"wp-block-image size-large\"><img loading=\"lazy\" decoding=\"async\" width=\"1360\" height=\"765\" src=\"https:\/\/www.alliancefrancaise.cz\/jiznicechy\/wp-content\/uploads\/2024\/04\/Kotva-enfants-baneer-1360x765.png\" alt=\"\" class=\"wp-image-15980\" style=\"aspect-ratio:16\/9;object-fit:cover\" srcset=\"https:\/\/www.alliancefrancaise.cz\/jiznicechy\/wp-content\/uploads\/2024\/04\/Kotva-enfants-baneer-1360x765.png 1360w, https:\/\/www.alliancefrancaise.cz\/jiznicechy\/wp-content\/uploads\/2024\/04\/Kotva-enfants-baneer-460x259.png 460w, https:\/\/www.alliancefrancaise.cz\/jiznicechy\/wp-content\/uploads\/2024\/04\/Kotva-enfants-baneer-768x432.png 768w, https:\/\/www.alliancefrancaise.cz\/jiznicechy\/wp-content\/uploads\/2024\/04\/Kotva-enfants-baneer.png 1920w\" sizes=\"auto, (max-width: 1360px) 100vw, 1360px\" \/><\/figure>\n\n\n\n<p>V r\u00e1mci festivalu Bonjour Bud\u011bjovice si v\u00e1s dovolujeme pozvat na prom\u00edt\u00e1n\u00ed francouzsk\u00e9ho filmu \u201cMax a M\u00e1ja: P\u0159\u00edb\u011bh li\u0161ti\u010dek\u201d&nbsp; v Biografu Kotva. Skv\u011bl\u00e9 rodinn\u00e9 dobrodru\u017estv\u00ed, kter\u00e9 spojuje kouzla a zamy\u0161len\u00ed a pot\u011b\u0161\u00ed mal\u00e9 i velk\u00e9.&nbsp;<\/p>\n\n\n\n<p>Max a M\u00e1ja, p\u00e1r pol\u00e1rn\u00edch li\u0161ek p\u0159ipraven\u00fdch zalo\u017eit rodinu, \u017eij\u00ed poklidn\u011b na ledov\u00fdch kr\u00e1ch dalek\u00e9ho severu. Teplota je abnorm\u00e1ln\u011b n\u00edzk\u00e1 a potravy je st\u00e1le m\u00e9n\u011b, co\u017e nut\u00ed Yuka vyd\u00e1vat se st\u00e1le d\u00e1l a d\u00e1l, aby zajistil jejich pot\u0159eby.<\/p>\n\n\n\n<ul class=\"wp-block-list\">\n<li><strong>Kdy?<\/strong> Ned\u011ble 23. \u010dervna v 16.00 hod.<\/li>\n\n\n\n<li><strong>Kde?<\/strong> Biograf Kotva, Lidick\u00e1 t\u0159. 2110, \u010cesk\u00e9 Bud\u011bjovice<\/li>\n\n\n\n<li><strong>Jazyk?<\/strong> \u010ce\u0161tina<\/li>\n\n\n\n<li><strong>Cena? <\/strong><a href=\"https:\/\/bit.ly\/maxamaja\" target=\"_blank\" rel=\"noopener\">160 K\u010c <\/a><\/li>\n<\/ul>\n\n\n\n<p><em>Film Guillauma Maidatchevsk\u00e9ho s Virginie Efirou v hlavn\u00ed roli.<\/em><\/p>\n\n\n\n<h5 class=\"wp-block-heading\">\u201dT\u011b\u017ek\u00fd rok\u201d v Biografu Kotva<\/h5>\n\n\n\n<figure class=\"wp-block-image size-large\"><img loading=\"lazy\" decoding=\"async\" width=\"1360\" height=\"765\" src=\"https:\/\/www.alliancefrancaise.cz\/jiznicechy\/wp-content\/uploads\/2024\/04\/Kotva-adultes-baneer-1360x765.png\" alt=\"\" class=\"wp-image-15978\" style=\"aspect-ratio:16\/9;object-fit:cover\" srcset=\"https:\/\/www.alliancefrancaise.cz\/jiznicechy\/wp-content\/uploads\/2024\/04\/Kotva-adultes-baneer-1360x765.png 1360w, https:\/\/www.alliancefrancaise.cz\/jiznicechy\/wp-content\/uploads\/2024\/04\/Kotva-adultes-baneer-460x259.png 460w, https:\/\/www.alliancefrancaise.cz\/jiznicechy\/wp-content\/uploads\/2024\/04\/Kotva-adultes-baneer-768x432.png 768w, https:\/\/www.alliancefrancaise.cz\/jiznicechy\/wp-content\/uploads\/2024\/04\/Kotva-adultes-baneer.png 1920w\" sizes=\"auto, (max-width: 1360px) 100vw, 1360px\" \/><\/figure>\n\n\n\n<p>V r\u00e1mci festivalu Bonjour Bud\u011bjovice si v\u00e1s dovolujeme pozvat na prom\u00edt\u00e1n\u00ed francouzsk\u00e9ho filmu \u201dT\u011b\u017ek\u00fd rok\u201d v Biografu Kotva. Vtipn\u00fd, n\u011b\u017en\u00fd film, kter\u00fd si na sv\u00e9 cest\u011b p\u00e1rkr\u00e1t r\u00fdpne do spole\u010densk\u00fdch chyb. Komedie, kter\u00e1 dokazuje, \u017ee Olivier Nakache a Eric Toledano si zachovali sv\u016fj dar bavit a kl\u00e1st ot\u00e1zky.<\/p>\n\n\n\n<p>Albert a Bruno jsou p\u0159edlu\u017een\u00ed a na konci sv\u00fdch sil a pr\u00e1v\u011b p\u0159i spole\u010dn\u00e9 komunitn\u00ed pr\u00e1ci naraz\u00ed na mlad\u00e9 ekologick\u00e9 aktivisty. V\u00edc ne\u017e argumenty je l\u00e1k\u00e1 pivo a chipsy zdarma a postupn\u011b se k hnut\u00ed bez p\u0159esv\u011bd\u010den\u00ed p\u0159id\u00e1vaj\u00ed&#8230;<\/p>\n\n\n\n<ul class=\"wp-block-list\">\n<li><strong>Kdy?<\/strong> Ned\u011ble 23. \u010dervna v 18:00<\/li>\n\n\n\n<li><strong>Kde?<\/strong> Biograf Kotva, Lidick\u00e1 t\u0159. 2110, \u010cesk\u00e9 Bud\u011bjovice<\/li>\n\n\n\n<li><strong>Jazyk?<\/strong> Francouz\u0161tina, \u010desk\u00e9 titulky<\/li>\n\n\n\n<li><strong>Cena?<\/strong> <a href=\"https:\/\/bit.ly\/tezkyrok_Bonjour\" target=\"_blank\" rel=\"noopener\">160 czk <\/a><\/li>\n<\/ul>\n\n\n\n<p><em>Film Erica Toledana, Oliviera Nakache s Pio Marma\u00efem, Jonathanem Cohenem, No\u00e9mie Merlantovou.<\/em><\/p>\n\n\n\n<h5 class=\"wp-block-heading\"><strong>Kosmetick\u00fd workshop<\/strong><\/h5>\n\n\n\n<figure class=\"wp-block-image size-large\"><img loading=\"lazy\" decoding=\"async\" width=\"1360\" height=\"765\" src=\"https:\/\/www.alliancefrancaise.cz\/jiznicechy\/wp-content\/uploads\/2024\/04\/Workshop-cosmetiques-baneer-1360x765.png\" alt=\"\" class=\"wp-image-15931\" style=\"aspect-ratio:16\/9;object-fit:cover\" srcset=\"https:\/\/www.alliancefrancaise.cz\/jiznicechy\/wp-content\/uploads\/2024\/04\/Workshop-cosmetiques-baneer-1360x765.png 1360w, https:\/\/www.alliancefrancaise.cz\/jiznicechy\/wp-content\/uploads\/2024\/04\/Workshop-cosmetiques-baneer-460x259.png 460w, https:\/\/www.alliancefrancaise.cz\/jiznicechy\/wp-content\/uploads\/2024\/04\/Workshop-cosmetiques-baneer-768x432.png 768w, https:\/\/www.alliancefrancaise.cz\/jiznicechy\/wp-content\/uploads\/2024\/04\/Workshop-cosmetiques-baneer.png 1920w\" sizes=\"auto, (max-width: 1360px) 100vw, 1360px\" \/><\/figure>\n\n\n\n<p>Vyrobte si vlastn\u00ed parf\u00e9m! R\u00e1di bychom v\u00e1s pozvali do Alliance Fran\u00e7aise na workshop v\u00fdroby kosmetiky. A\u0165 u\u017e budete vyr\u00e1b\u011bt pro sebe, nebo jako d\u00e1rek pro svou p\u0159\u00edtelkyni \u010di nejlep\u0161\u00ed kamar\u00e1dku, p\u0159ij\u010fte s n\u00e1mi str\u00e1vit p\u0159\u00edjemn\u00fd \u010das! Hodinu a p\u016fl trvaj\u00edc\u00ed workshop povede Lenka Smr\u017eov\u00e1. Po\u010det m\u00edst je omezen, v p\u0159\u00edpad\u011b z\u00e1jmu si pros\u00edm m\u00edsta rezervujte.<\/p>\n\n\n\n<ul class=\"wp-block-list\">\n<li><strong>Kdy?<\/strong> \u00dater\u00fd 25. \u010dervna, od 17:00&nbsp;<\/li>\n\n\n\n<li><strong>Kde?<\/strong> Alliance Fran\u00e7aise Ji\u017en\u00ed \u010cechy, N\u00e1m\u011bst\u00ed P\u0159emysla Otakara II. 21, \u010cB<\/li>\n\n\n\n<li><strong>Jazyk?<\/strong> \u010ce\u0161tina&nbsp;<\/li>\n\n\n\n<li><strong>Cena?<\/strong> 250,- K\u010d (220,- K\u010d pro \u010dleny Alliance Fran\u00e7aise)<\/li>\n<\/ul>\n\n\n\n<h5 class=\"wp-block-heading\"><strong>Belgick\u00fd ve\u010der<\/strong><\/h5>\n\n\n\n<figure class=\"wp-block-image size-large\"><img loading=\"lazy\" decoding=\"async\" width=\"1360\" height=\"765\" src=\"https:\/\/www.alliancefrancaise.cz\/jiznicechy\/wp-content\/uploads\/2024\/04\/Soiree-belge-baneer-1360x765.png\" alt=\"\" class=\"wp-image-15946\" style=\"aspect-ratio:16\/9;object-fit:cover\" srcset=\"https:\/\/www.alliancefrancaise.cz\/jiznicechy\/wp-content\/uploads\/2024\/04\/Soiree-belge-baneer-1360x765.png 1360w, https:\/\/www.alliancefrancaise.cz\/jiznicechy\/wp-content\/uploads\/2024\/04\/Soiree-belge-baneer-460x259.png 460w, https:\/\/www.alliancefrancaise.cz\/jiznicechy\/wp-content\/uploads\/2024\/04\/Soiree-belge-baneer-768x432.png 768w, https:\/\/www.alliancefrancaise.cz\/jiznicechy\/wp-content\/uploads\/2024\/04\/Soiree-belge-baneer.png 1920w\" sizes=\"auto, (max-width: 1360px) 100vw, 1360px\" \/><\/figure>\n\n\n\n<p>P\u0159ij\u010fte objevit Belgii! Na programu je ochutn\u00e1vka r\u016fzn\u00fdch belgick\u00fdch piv, pod\u00e1v\u00e1me s hranolky, specialitou t\u00e9to rovinat\u00e9 zem\u011b. Ve\u010derem n\u00e1s provedou Fran\u00e7ois Lebrun a Quentin Rivi\u00e8re, a pomohou n\u00e1m objevit v\u0161echny rafinovanosti slavn\u00fdch belgick\u00fdch piv. Po\u010det m\u00edst je omezen, v p\u0159\u00edpad\u011b z\u00e1jmu si pros\u00edm m\u00edsta rezervujte.<\/p>\n\n\n\n<ul class=\"wp-block-list\">\n<li><strong>Kdy?<\/strong> \u010ctvrtek 27. \u010dervna, od 18:00<\/li>\n\n\n\n<li><strong>Kde?<\/strong> Alliance Fran\u00e7aise Ji\u017en\u00ed \u010cechy, N\u00e1m\u011bst\u00ed P\u0159emysla Otakara II. 21, \u010cB<\/li>\n\n\n\n<li><strong>Jazyk?<\/strong> \u010ce\u0161tina a francouzsky<\/li>\n\n\n\n<li><strong>Cena?<\/strong> 350,- K\u010d (300,- K\u010d pro \u010dleny Alliance Fran\u00e7aise)<\/li>\n<\/ul>\n\n\n\n<p><em>Festival se kon\u00e1 za podpory Francouzsk\u00e9ho velvyslanectv\u00ed v \u010cesk\u00e9 republice, m\u011bsta \u010cesk\u00e9 Bud\u011bjovice, Jiho\u010desk\u00e9ho kraje a m\u011bsta Lorient. Ve spolupr\u00e1ci s r\u00e1diem Netro Life, Aktivem Klub, Jiho\u010deskou v\u011bdeckou knihovnou v \u010cesk\u00fdch Bud\u011bjovic\u00edch, Fakultou rom\u00e1nsk\u00fdch jazyk\u016f Jiho\u010desk\u00e9 univerzity, Farkatkou, Letn\u00edm kinem H\u00e1je\u010dek, Josefem Kordou, Biografem Kotva a LS kurzy.<\/em><\/p>\n","protected":false},"excerpt":{"rendered":"<p>Alliance Fran\u00e7aise Ji\u017en\u00ed \u010cechy ve spolupr\u00e1ci se sv\u00fdmi partnery ka\u017edoro\u010dn\u011b organizuje multikulturn\u00ed Festival Bonjour Bud\u011bjovice. Tato akce, kter\u00e1 je skute\u010dnou ud\u00e1lost\u00ed oslavuj\u00edc\u00ed francouzskou, frankofonn\u00ed i \u010deskou kulturu, si klade za c\u00edl oslavit p\u0159\u00e1telsk\u00e9 vazby mezi Franci\u00ed a \u010ceskou republikou. P\u0159ibli\u017en\u011b 21. \u010dervna 2024, nab\u00eddneme ji\u017e 28. ro\u010dn\u00edk festivalu, kter\u00fd mj. op\u011bt uct\u00ed partnerstv\u00ed mezi m\u011bsty Lorient (Breta\u0148, Francie) a \u010cesk\u00e9 Bud\u011bjovice (Jiho\u010desk\u00fd kraj, \u010cesk\u00e1 republika).<\/p>\n","protected":false},"author":4,"featured_media":7360,"comment_status":"closed","ping_status":"closed","sticky":false,"template":"","format":"standard","meta":{"_acf_changed":false,"footnotes":""},"categories":[8],"tags":[89,174,178,173,97,177,176,175,87,180,94,95,96,179,41,88],"class_list":["post-7359","post","type-post","status-publish","format-standard","has-post-thumbnail","hentry","category-festival-bonjour-budejovice","tag-alliance-francaise","tag-alliance-francaise-budweis","tag-alliances-francaises-en-republique-tcheque","tag-bonjour-budejovice","tag-ceska-republika","tag-communaute-francophone","tag-cours-de-francais","tag-evenement-culturel","tag-francophonie","tag-francouzska-komunita","tag-francouzstina","tag-frankofonie","tag-kulturni-program","tag-kulturni-udalost","tag-langue-francaise","tag-programme-culturel"],"acf":[],"_links":{"self":[{"href":"https:\/\/www.alliancefrancaise.cz\/jiznicechy\/wp-json\/wp\/v2\/posts\/7359","targetHints":{"allow":["GET"]}}],"collection":[{"href":"https:\/\/www.alliancefrancaise.cz\/jiznicechy\/wp-json\/wp\/v2\/posts"}],"about":[{"href":"https:\/\/www.alliancefrancaise.cz\/jiznicechy\/wp-json\/wp\/v2\/types\/post"}],"author":[{"embeddable":true,"href":"https:\/\/www.alliancefrancaise.cz\/jiznicechy\/wp-json\/wp\/v2\/users\/4"}],"replies":[{"embeddable":true,"href":"https:\/\/www.alliancefrancaise.cz\/jiznicechy\/wp-json\/wp\/v2\/comments?post=7359"}],"version-history":[{"count":20,"href":"https:\/\/www.alliancefrancaise.cz\/jiznicechy\/wp-json\/wp\/v2\/posts\/7359\/revisions"}],"predecessor-version":[{"id":18365,"href":"https:\/\/www.alliancefrancaise.cz\/jiznicechy\/wp-json\/wp\/v2\/posts\/7359\/revisions\/18365"}],"wp:featuredmedia":[{"embeddable":true,"href":"https:\/\/www.alliancefrancaise.cz\/jiznicechy\/wp-json\/wp\/v2\/media\/7360"}],"wp:attachment":[{"href":"https:\/\/www.alliancefrancaise.cz\/jiznicechy\/wp-json\/wp\/v2\/media?parent=7359"}],"wp:term":[{"taxonomy":"category","embeddable":true,"href":"https:\/\/www.alliancefrancaise.cz\/jiznicechy\/wp-json\/wp\/v2\/categories?post=7359"},{"taxonomy":"post_tag","embeddable":true,"href":"https:\/\/www.alliancefrancaise.cz\/jiznicechy\/wp-json\/wp\/v2\/tags?post=7359"}],"curies":[{"name":"wp","href":"https:\/\/api.w.org\/{rel}","templated":true}]}}