{"id":7877,"date":"2026-05-30T11:14:20","date_gmt":"2026-05-30T09:14:20","guid":{"rendered":"https:\/\/www.alliancefrancaise.cz\/liberec\/?p=7877"},"modified":"2026-09-02T10:22:51","modified_gmt":"2026-09-02T08:22:51","slug":"klub-francouzskeho-filmu-3__trashed-2","status":"publish","type":"post","link":"https:\/\/www.alliancefrancaise.cz\/liberec\/klub-francouzskeho-filmu-3__trashed-2\/","title":{"rendered":"Konverzace s rodil\u00fdm mluv\u010d\u00edm Micka\u00eblem"},"content":{"rendered":"\n<p class=\"wp-block-paragraph\">\ud83d\udde3\ufe0f\u00a0<strong>21. z\u00e1\u0159\u00ed od 17:30<\/strong><br>\ud83d\udccd\u00a0<strong>Krajsk\u00e1 v\u011bdeck\u00e1 knihovna v Liberci. Mal\u00e1 konferen\u010dn\u00ed m\u00edstnost, 2. patro<\/strong>. Vstupn\u00e9: 50 K\u010d<\/p>\n\n\n\n<p class=\"wp-block-paragraph\"><a href=\"https:\/\/www.kvkli.cz\/akce\/id:112909\/bavardons-en-francais-francouzska-konverzace\" target=\"_blank\" rel=\"noopener\">https:\/\/www.kvkli.cz\/akce\/id:112909\/bavardons-en-francais-francouzska-konverzace<\/a><\/p>\n\n\n\n<p class=\"wp-block-paragraph\">Chcete si procvi\u010dit francouz\u0161tinu v praxi? P\u0159ij\u010fte na konverzaci s\u00a0<strong>rodil\u00fdm mluv\u010d\u00edm Micka\u00eblem<\/strong>. \u010cek\u00e1 v\u00e1s p\u0159\u00e1telsk\u00e9 setk\u00e1n\u00ed, p\u0159i kter\u00e9m si m\u016f\u017eete francouz\u0161tinu p\u0159edev\u0161\u00edm u\u017e\u00edt a rozmluvit se.<\/p>\n\n\n\n<p class=\"wp-block-paragraph\"><\/p>\n","protected":false},"excerpt":{"rendered":"<p>\ud83d\udde3\ufe0f\u00a021. z\u00e1\u0159\u00ed od 17:30\ud83d\udccd\u00a0Krajsk\u00e1 v\u011bdeck\u00e1 knihovna v Liberci. Mal\u00e1 konferen\u010dn\u00ed m\u00edstnost, 2. patro. Vstupn\u00e9: 50 K\u010d https:\/\/www.kvkli.cz\/akce\/id:112909\/bavardons-en-francais-francouzska-konverzace Chcete si procvi\u010dit francouz\u0161tinu v&#8230;<\/p>\n","protected":false},"author":4,"featured_media":7943,"comment_status":"closed","ping_status":"closed","sticky":false,"template":"","format":"standard","meta":{"_acf_changed":false,"footnotes":""},"categories":[1],"tags":[],"class_list":["post-7877","post","type-post","status-publish","format-standard","has-post-thumbnail","hentry","category-nezarazene"],"acf":[],"_links":{"self":[{"href":"https:\/\/www.alliancefrancaise.cz\/liberec\/wp-json\/wp\/v2\/posts\/7877","targetHints":{"allow":["GET"]}}],"collection":[{"href":"https:\/\/www.alliancefrancaise.cz\/liberec\/wp-json\/wp\/v2\/posts"}],"about":[{"href":"https:\/\/www.alliancefrancaise.cz\/liberec\/wp-json\/wp\/v2\/types\/post"}],"author":[{"embeddable":true,"href":"https:\/\/www.alliancefrancaise.cz\/liberec\/wp-json\/wp\/v2\/users\/4"}],"replies":[{"embeddable":true,"href":"https:\/\/www.alliancefrancaise.cz\/liberec\/wp-json\/wp\/v2\/comments?post=7877"}],"version-history":[{"count":6,"href":"https:\/\/www.alliancefrancaise.cz\/liberec\/wp-json\/wp\/v2\/posts\/7877\/revisions"}],"predecessor-version":[{"id":7962,"href":"https:\/\/www.alliancefrancaise.cz\/liberec\/wp-json\/wp\/v2\/posts\/7877\/revisions\/7962"}],"wp:featuredmedia":[{"embeddable":true,"href":"https:\/\/www.alliancefrancaise.cz\/liberec\/wp-json\/wp\/v2\/media\/7943"}],"wp:attachment":[{"href":"https:\/\/www.alliancefrancaise.cz\/liberec\/wp-json\/wp\/v2\/media?parent=7877"}],"wp:term":[{"taxonomy":"category","embeddable":true,"href":"https:\/\/www.alliancefrancaise.cz\/liberec\/wp-json\/wp\/v2\/categories?post=7877"},{"taxonomy":"post_tag","embeddable":true,"href":"https:\/\/www.alliancefrancaise.cz\/liberec\/wp-json\/wp\/v2\/tags?post=7877"}],"curies":[{"name":"wp","href":"https:\/\/api.w.org\/{rel}","templated":true}]}}