{"id":7879,"date":"2026-05-30T11:15:17","date_gmt":"2026-05-30T09:15:17","guid":{"rendered":"https:\/\/www.alliancefrancaise.cz\/liberec\/?p=7879"},"modified":"2026-09-02T10:17:04","modified_gmt":"2026-09-02T08:17:04","slug":"klub-francouzskeho-filmu-2__trashed-2","status":"publish","type":"post","link":"https:\/\/www.alliancefrancaise.cz\/liberec\/klub-francouzskeho-filmu-2__trashed-2\/","title":{"rendered":"Cin\u00e9club"},"content":{"rendered":"\n<p class=\"wp-block-paragraph\">\ud83c\udfac Klub francouzsk\u00e9ho filmu: <strong>L\u2018Attachement<\/strong>\u00a0\u2013\u00a0<strong>\u010dtvrtek 10. 9. od 18:00<\/strong><br>\ud83d\udccd\u00a0<strong>Krajsk\u00e1 v\u011bdeck\u00e1 knihovna v Liberci. Velk\u00fd s\u00e1l, 2. patro<\/strong>. Vstupn\u00e9: zdarma<\/p>\n\n\n\n<p class=\"wp-block-paragraph\"><a href=\"https:\/\/www.kvkli.cz\/akce\/id:112972\/l-attachement\" target=\"_blank\" rel=\"noopener\">https:\/\/www.kvkli.cz\/akce\/id:112972\/l-attachement<\/a><\/p>\n\n\n\n<p class=\"wp-block-paragraph\">Svobodn\u00e1 pades\u00e1tnice Sandra hl\u00edd\u00e1 \u0161estilet\u00e9ho syna sv\u00fdch soused\u016f, kte\u0159\u00ed jedou do porodnice. Porod se v\u0161ak zkomplikuje a mlad\u00e1 matka zem\u0159e\u2026<\/p>\n\n\n\n<p class=\"wp-block-paragraph\">Dal\u0161\u00ed setk\u00e1n\u00ed na\u0161eho filmov\u00e9ho klubu nab\u00eddne francouzskou kinematografii a mo\u017enost u\u017e\u00edt si film spole\u010dn\u011b. Ide\u00e1ln\u00ed p\u0159\u00edle\u017eitost poznat francouzsk\u00fd film a str\u00e1vit p\u0159\u00edjemn\u00fd ve\u010der v knihovn\u011b.<\/p>\n","protected":false},"excerpt":{"rendered":"<p>\ud83c\udfac Klub francouzsk\u00e9ho filmu: L\u2018Attachement\u00a0\u2013\u00a0\u010dtvrtek 10. 9. od 18:00\ud83d\udccd\u00a0Krajsk\u00e1 v\u011bdeck\u00e1 knihovna v Liberci. Velk\u00fd s\u00e1l, 2. patro. Vstupn\u00e9: zdarma https:\/\/www.kvkli.cz\/akce\/id:112972\/l-attachement Svobodn\u00e1 pades\u00e1tnice&#8230;<\/p>\n","protected":false},"author":4,"featured_media":7957,"comment_status":"closed","ping_status":"closed","sticky":false,"template":"","format":"standard","meta":{"_acf_changed":false,"footnotes":""},"categories":[1],"tags":[],"class_list":["post-7879","post","type-post","status-publish","format-standard","has-post-thumbnail","hentry","category-nezarazene"],"acf":[],"_links":{"self":[{"href":"https:\/\/www.alliancefrancaise.cz\/liberec\/wp-json\/wp\/v2\/posts\/7879","targetHints":{"allow":["GET"]}}],"collection":[{"href":"https:\/\/www.alliancefrancaise.cz\/liberec\/wp-json\/wp\/v2\/posts"}],"about":[{"href":"https:\/\/www.alliancefrancaise.cz\/liberec\/wp-json\/wp\/v2\/types\/post"}],"author":[{"embeddable":true,"href":"https:\/\/www.alliancefrancaise.cz\/liberec\/wp-json\/wp\/v2\/users\/4"}],"replies":[{"embeddable":true,"href":"https:\/\/www.alliancefrancaise.cz\/liberec\/wp-json\/wp\/v2\/comments?post=7879"}],"version-history":[{"count":7,"href":"https:\/\/www.alliancefrancaise.cz\/liberec\/wp-json\/wp\/v2\/posts\/7879\/revisions"}],"predecessor-version":[{"id":7958,"href":"https:\/\/www.alliancefrancaise.cz\/liberec\/wp-json\/wp\/v2\/posts\/7879\/revisions\/7958"}],"wp:featuredmedia":[{"embeddable":true,"href":"https:\/\/www.alliancefrancaise.cz\/liberec\/wp-json\/wp\/v2\/media\/7957"}],"wp:attachment":[{"href":"https:\/\/www.alliancefrancaise.cz\/liberec\/wp-json\/wp\/v2\/media?parent=7879"}],"wp:term":[{"taxonomy":"category","embeddable":true,"href":"https:\/\/www.alliancefrancaise.cz\/liberec\/wp-json\/wp\/v2\/categories?post=7879"},{"taxonomy":"post_tag","embeddable":true,"href":"https:\/\/www.alliancefrancaise.cz\/liberec\/wp-json\/wp\/v2\/tags?post=7879"}],"curies":[{"name":"wp","href":"https:\/\/api.w.org\/{rel}","templated":true}]}}