{"id":10314,"date":"2026-04-29T10:05:53","date_gmt":"2026-04-29T08:05:53","guid":{"rendered":"https:\/\/www.alliancefrancaise.cz\/ostrava\/?p=10314"},"modified":"2026-04-29T11:12:11","modified_gmt":"2026-04-29T09:12:11","slug":"intenzivni-kurzy-5-dni-abyste-se-nebali-mluvit-francouzsky","status":"publish","type":"post","link":"https:\/\/www.alliancefrancaise.cz\/ostrava\/intenzivni-kurzy-5-dni-abyste-se-nebali-mluvit-francouzsky\/","title":{"rendered":"Intenzivn\u00ed kurzy: 5 dn\u00ed, abyste se neb\u00e1li mluvit francouzsky!"},"content":{"rendered":"\n<p id=\"block-46e08b89-eef0-4827-bfc6-8c7734ee8388\"><strong>U\u017e jste se francouzsky trochu u\u010dili, ale st\u00e1le se ost\u00fdch\u00e1te mluvit? Nebo za\u010d\u00edn\u00e1te \u00fapln\u011b od nuly a chcete d\u011blat rychl\u00e9 pokroky?<\/strong><br>Tento <strong>p\u011btidenn\u00ed intenzivn\u00ed kurz<\/strong> je navr\u017een tak, aby V\u00e1m pomohl <strong>komunikovat ve francouz\u0161tin\u011b v re\u00e1ln\u00fdch situac\u00edch<\/strong> ji\u017e od prvn\u00ed lekce. B\u011bhem <strong>2 hodin denn\u011b<\/strong> budete pracovat v <strong>mal\u00e9 skupin\u011b<\/strong> s n\u011bkolika lektory z Alliance Fran\u00e7aise, v <strong>dynamick\u00e9 atmosf\u00e9\u0159e a bez stresu<\/strong>.<br><strong>D\u016fraz je kladen na mluven\u00fd projev, praxi a z\u00edsk\u00e1n\u00ed sebev\u011bdom\u00ed<\/strong>: nau\u010d\u00edte se <strong>p\u0159edstavit, objednat si, kl\u00e1st jednoduch\u00e9 ot\u00e1zky a zvl\u00e1dat ka\u017edodenn\u00ed interakce<\/strong>. Na konci t\u00fddne se dok\u00e1\u017eete <strong>domluvit ve francouz\u0161tin\u011b v z\u00e1kladn\u00edch situac\u00edch<\/strong>.<br><\/p>\n","protected":false},"excerpt":{"rendered":"<p>U\u017e jste se francouzsky trochu u\u010dili, ale st\u00e1le se ost\u00fdch\u00e1te mluvit? Nebo za\u010d\u00edn\u00e1te \u00fapln\u011b od nuly a chcete d\u011blat rychl\u00e9 pokroky?Tento p\u011btidenn\u00ed&#8230;<\/p>\n","protected":false},"author":4,"featured_media":10305,"comment_status":"closed","ping_status":"closed","sticky":false,"template":"","format":"standard","meta":{"_acf_changed":false,"footnotes":""},"categories":[1],"tags":[],"class_list":["post-10314","post","type-post","status-publish","format-standard","has-post-thumbnail","hentry","category-nezarazene"],"acf":[],"_links":{"self":[{"href":"https:\/\/www.alliancefrancaise.cz\/ostrava\/wp-json\/wp\/v2\/posts\/10314","targetHints":{"allow":["GET"]}}],"collection":[{"href":"https:\/\/www.alliancefrancaise.cz\/ostrava\/wp-json\/wp\/v2\/posts"}],"about":[{"href":"https:\/\/www.alliancefrancaise.cz\/ostrava\/wp-json\/wp\/v2\/types\/post"}],"author":[{"embeddable":true,"href":"https:\/\/www.alliancefrancaise.cz\/ostrava\/wp-json\/wp\/v2\/users\/4"}],"replies":[{"embeddable":true,"href":"https:\/\/www.alliancefrancaise.cz\/ostrava\/wp-json\/wp\/v2\/comments?post=10314"}],"version-history":[{"count":2,"href":"https:\/\/www.alliancefrancaise.cz\/ostrava\/wp-json\/wp\/v2\/posts\/10314\/revisions"}],"predecessor-version":[{"id":10323,"href":"https:\/\/www.alliancefrancaise.cz\/ostrava\/wp-json\/wp\/v2\/posts\/10314\/revisions\/10323"}],"wp:featuredmedia":[{"embeddable":true,"href":"https:\/\/www.alliancefrancaise.cz\/ostrava\/wp-json\/wp\/v2\/media\/10305"}],"wp:attachment":[{"href":"https:\/\/www.alliancefrancaise.cz\/ostrava\/wp-json\/wp\/v2\/media?parent=10314"}],"wp:term":[{"taxonomy":"category","embeddable":true,"href":"https:\/\/www.alliancefrancaise.cz\/ostrava\/wp-json\/wp\/v2\/categories?post=10314"},{"taxonomy":"post_tag","embeddable":true,"href":"https:\/\/www.alliancefrancaise.cz\/ostrava\/wp-json\/wp\/v2\/tags?post=10314"}],"curies":[{"name":"wp","href":"https:\/\/api.w.org\/{rel}","templated":true}]}}