{"id":21066,"date":"2025-05-17T17:07:08","date_gmt":"2025-05-17T15:07:08","guid":{"rendered":"https:\/\/www.alliancefrancaise.cz\/pardubice\/?p=21066"},"modified":"2025-08-14T17:19:29","modified_gmt":"2025-08-14T15:19:29","slug":"letni-kurzy","status":"publish","type":"post","link":"https:\/\/www.alliancefrancaise.cz\/pardubice\/fr\/letni-kurzy\/","title":{"rendered":"Letn\u00ed urzy"},"content":{"rendered":"\n<p>\ud83c\udde8\ud83c\uddff Toto l\u00e9to nab\u00edz\u00ed Alliance Fran\u00e7aise Pardubice program pro v\u0161echny v\u011bkov\u00e9 kategorie i z\u00e1jmy! \u2600\ufe0f<\/p>\n\n\n\n<p>Pro dosp\u011bl\u00e9: Kurzy francouz\u0161tiny pro v\u0161echny \u00farovn\u011b a c\u00edle :&nbsp;<\/p>\n\n\n\n<ul class=\"wp-block-list\">\n<li>Zaj\u00edm\u00e1 v\u00e1s Francie? Z\u00fa\u010dastn\u011bte se tematick\u00fdch t\u00fddn\u016f zam\u011b\u0159en\u00fdch na gastronomii a francouzskou kulturu \u2013 ide\u00e1ln\u00ed pro roz\u0161\u00ed\u0159en\u00ed slovn\u00ed z\u00e1soby v p\u0159\u00e1telsk\u00e9 atmosf\u00e9\u0159e!<\/li>\n<\/ul>\n\n\n\n<ul class=\"wp-block-list\">\n<li>Za\u010d\u00edn\u00e1te s francouz\u0161tinou? Na\u0161e intenzivn\u00ed letn\u00ed kurzy jsou perfektn\u00ed volbou pro va\u0161e prvn\u00ed kr\u016f\u010dky ve francouz\u0161tin\u011b.<\/li>\n<\/ul>\n\n\n\n<p><\/p>\n\n\n\n<p>\ud83c\uddeb\ud83c\uddf7 Cet \u00e9t\u00e9, l\u2019Alliance Fran\u00e7aise de Pardubice vous propose un programme pour tous les \u00e2ges et toutes les envies ! \u2600\ufe0f<\/p>\n\n\n\n<p>Pour les adultes : des cours de fran\u00e7ais pour tous niveaux et tous objectifs :&nbsp;<\/p>\n\n\n\n<ul class=\"wp-block-list\">\n<li>Envie d\u2019en savoir plus sur la France ? Participez \u00e0 nos semaines de cours \u00e0 th\u00e8me autour de la gastronomie et de la culture fran\u00e7aise, id\u00e9ales pour enrichir votre vocabulaire en toute convivialit\u00e9 !<\/li>\n<\/ul>\n\n\n\n<ul class=\"wp-block-list\">\n<li>Vous d\u00e9butez en fran\u00e7ais ? Nos cours intensifs d\u2019\u00e9t\u00e9 sont parfaits pour faire vos premiers pas dans la langue de Moli\u00e8re !<\/li>\n<\/ul>\n\n\n\n<div class=\"wp-block-buttons is-content-justification-center is-layout-flex wp-container-core-buttons-is-layout-16018d1d wp-block-buttons-is-layout-flex\">\n<div class=\"wp-block-button\"><a class=\"wp-block-button__link wp-element-button\" href=\"https:\/\/www.alliancefrancaise.cz\/pardubice\/letnikurzy\/\">Letn\u00ed Kurzy<\/a><\/div>\n<\/div>\n","protected":false},"excerpt":{"rendered":"<p>\ud83c\udde8\ud83c\uddff Toto l\u00e9to nab\u00edz\u00ed Alliance Fran\u00e7aise Pardubice program pro v\u0161echny v\u011bkov\u00e9 kategorie i z\u00e1jmy! \u2600\ufe0f Pro dosp\u011bl\u00e9: Kurzy francouz\u0161tiny pro v\u0161echny \u00farovn\u011b&#8230;<\/p>\n","protected":false},"author":4,"featured_media":21090,"comment_status":"closed","ping_status":"closed","sticky":false,"template":"","format":"standard","meta":{"_acf_changed":false,"footnotes":""},"categories":[1],"tags":[],"class_list":["post-21066","post","type-post","status-publish","format-standard","has-post-thumbnail","hentry","category-nezarazene"],"acf":[],"_links":{"self":[{"href":"https:\/\/www.alliancefrancaise.cz\/pardubice\/fr\/wp-json\/wp\/v2\/posts\/21066","targetHints":{"allow":["GET"]}}],"collection":[{"href":"https:\/\/www.alliancefrancaise.cz\/pardubice\/fr\/wp-json\/wp\/v2\/posts"}],"about":[{"href":"https:\/\/www.alliancefrancaise.cz\/pardubice\/fr\/wp-json\/wp\/v2\/types\/post"}],"author":[{"embeddable":true,"href":"https:\/\/www.alliancefrancaise.cz\/pardubice\/fr\/wp-json\/wp\/v2\/users\/4"}],"replies":[{"embeddable":true,"href":"https:\/\/www.alliancefrancaise.cz\/pardubice\/fr\/wp-json\/wp\/v2\/comments?post=21066"}],"version-history":[{"count":3,"href":"https:\/\/www.alliancefrancaise.cz\/pardubice\/fr\/wp-json\/wp\/v2\/posts\/21066\/revisions"}],"predecessor-version":[{"id":21325,"href":"https:\/\/www.alliancefrancaise.cz\/pardubice\/fr\/wp-json\/wp\/v2\/posts\/21066\/revisions\/21325"}],"wp:featuredmedia":[{"embeddable":true,"href":"https:\/\/www.alliancefrancaise.cz\/pardubice\/fr\/wp-json\/wp\/v2\/media\/21090"}],"wp:attachment":[{"href":"https:\/\/www.alliancefrancaise.cz\/pardubice\/fr\/wp-json\/wp\/v2\/media?parent=21066"}],"wp:term":[{"taxonomy":"category","embeddable":true,"href":"https:\/\/www.alliancefrancaise.cz\/pardubice\/fr\/wp-json\/wp\/v2\/categories?post=21066"},{"taxonomy":"post_tag","embeddable":true,"href":"https:\/\/www.alliancefrancaise.cz\/pardubice\/fr\/wp-json\/wp\/v2\/tags?post=21066"}],"curies":[{"name":"wp","href":"https:\/\/api.w.org\/{rel}","templated":true}]}}