{"id":21573,"date":"2025-12-06T15:48:37","date_gmt":"2025-12-06T14:48:37","guid":{"rendered":"https:\/\/www.alliancefrancaise.cz\/pardubice\/?p=21573"},"modified":"2025-12-06T16:21:12","modified_gmt":"2025-12-06T15:21:12","slug":"kalendar-zkousek-delf-dalf-pro-rok-2026","status":"publish","type":"post","link":"https:\/\/www.alliancefrancaise.cz\/pardubice\/fr\/kalendar-zkousek-delf-dalf-pro-rok-2026\/","title":{"rendered":"Kalend\u00e1\u0159 zkou\u0161ek DELF\/DALF pro rok 2026"},"content":{"rendered":"\n<p id=\"block-64a7c2c5-ca6e-4b51-b451-7bb0757d602b\">Aktualizovan\u00fd kalend\u00e1\u0159 mezin\u00e1rodn\u00edch zkou\u0161ek DELF a DALF pro rok 2026 byl zve\u0159ejn\u011bn. V p\u0159ehledu najdete <strong>konkr\u00e9tn\u00ed term\u00edny zkou\u0161ek<\/strong>, <strong>data z\u00e1pis\u016f<\/strong> i <strong>aktu\u00e1ln\u00ed cen\u00edk<\/strong>.<\/p>\n\n\n\n<p id=\"block-8d013fbf-a648-46bf-b89c-8461f5f058b2\">Zkou\u0161ky DELF\/DALF jsou mezin\u00e1rodn\u011b uzn\u00e1van\u00e9 certifik\u00e1ty francouzsk\u00e9ho jazyka, kter\u00e9 slou\u017e\u00ed jako ofici\u00e1ln\u00ed doklad o dosa\u017een\u00e9 \u00farovni. Mohou pomoci p\u0159i studiu v zahrani\u010d\u00ed, pracovn\u00edch p\u0159\u00edle\u017eitostech i osobn\u00edm rozvoji.<\/p>\n\n\n\n<p id=\"block-65d10bef-c4b1-4de1-a33c-4e71b056ad40\">Kalend\u00e1\u0159 je k dispozici na na\u0161em webu v sekci <em>Zkou\u0161ky<\/em> nebo na odkazu n\u00ed\u017ee.<\/p>\n\n\n\n<div class=\"wp-block-buttons is-layout-flex wp-block-buttons-is-layout-flex\">\n<div class=\"wp-block-button\"><a class=\"wp-block-button__link wp-element-button\" href=\"https:\/\/www.alliancefrancaise.cz\/pardubice\/terminy-registrace-cenik\/\">Kalend\u00e1\u0159 DELF\/DALF<\/a><\/div>\n<\/div>\n\n\n\n<p><\/p>\n\n\n\n<p id=\"block-8846e43e-8f46-48bb-8546-7514cb728769\">Le calendrier actualis\u00e9 des examens internationaux DELF et DALF pour l\u2019ann\u00e9e 2026 est d\u00e9sormais en ligne. Vous y trouverez les dates pr\u00e9cises des sessions, les p\u00e9riodes d\u2019inscription ainsi que le tarif en vigueur.<\/p>\n\n\n\n<p id=\"block-4129ab12-cf49-4408-a078-045504ca063d\">Les examens DELF\/DALF sont des certifications officielles et reconnues \u00e0 l\u2019international, attestant du niveau de comp\u00e9tence en langue fran\u00e7aise. Ils peuvent constituer un atout pour des \u00e9tudes \u00e0 l\u2019\u00e9tranger, des opportunit\u00e9s professionnelles ou un d\u00e9veloppement personnel.<\/p>\n\n\n\n<p id=\"block-170b5828-da6f-44e7-95a2-fa453609b879\">Le calendrier est disponible sur notre site dans la section <em>Examens<\/em> ou via le lien ci-dessous.<\/p>\n\n\n\n<div class=\"wp-block-buttons is-layout-flex wp-block-buttons-is-layout-flex\">\n<div class=\"wp-block-button\"><a class=\"wp-block-button__link wp-element-button\" href=\"https:\/\/www.alliancefrancaise.cz\/pardubice\/terminy-registrace-cenik\/\">Calendrier DELF\/DALF<\/a><\/div>\n<\/div>\n","protected":false},"excerpt":{"rendered":"<p>Aktualizovan\u00fd kalend\u00e1\u0159 mezin\u00e1rodn\u00edch zkou\u0161ek DELF a DALF pro rok 2026 byl zve\u0159ejn\u011bn. V p\u0159ehledu najdete konkr\u00e9tn\u00ed term\u00edny zkou\u0161ek, data z\u00e1pis\u016f i aktu\u00e1ln\u00ed&#8230;<\/p>\n","protected":false},"author":4,"featured_media":21565,"comment_status":"closed","ping_status":"closed","sticky":false,"template":"","format":"standard","meta":{"_acf_changed":false,"footnotes":""},"categories":[1],"tags":[],"class_list":["post-21573","post","type-post","status-publish","format-standard","has-post-thumbnail","hentry","category-nezarazene"],"acf":[],"_links":{"self":[{"href":"https:\/\/www.alliancefrancaise.cz\/pardubice\/fr\/wp-json\/wp\/v2\/posts\/21573","targetHints":{"allow":["GET"]}}],"collection":[{"href":"https:\/\/www.alliancefrancaise.cz\/pardubice\/fr\/wp-json\/wp\/v2\/posts"}],"about":[{"href":"https:\/\/www.alliancefrancaise.cz\/pardubice\/fr\/wp-json\/wp\/v2\/types\/post"}],"author":[{"embeddable":true,"href":"https:\/\/www.alliancefrancaise.cz\/pardubice\/fr\/wp-json\/wp\/v2\/users\/4"}],"replies":[{"embeddable":true,"href":"https:\/\/www.alliancefrancaise.cz\/pardubice\/fr\/wp-json\/wp\/v2\/comments?post=21573"}],"version-history":[{"count":2,"href":"https:\/\/www.alliancefrancaise.cz\/pardubice\/fr\/wp-json\/wp\/v2\/posts\/21573\/revisions"}],"predecessor-version":[{"id":21576,"href":"https:\/\/www.alliancefrancaise.cz\/pardubice\/fr\/wp-json\/wp\/v2\/posts\/21573\/revisions\/21576"}],"wp:featuredmedia":[{"embeddable":true,"href":"https:\/\/www.alliancefrancaise.cz\/pardubice\/fr\/wp-json\/wp\/v2\/media\/21565"}],"wp:attachment":[{"href":"https:\/\/www.alliancefrancaise.cz\/pardubice\/fr\/wp-json\/wp\/v2\/media?parent=21573"}],"wp:term":[{"taxonomy":"category","embeddable":true,"href":"https:\/\/www.alliancefrancaise.cz\/pardubice\/fr\/wp-json\/wp\/v2\/categories?post=21573"},{"taxonomy":"post_tag","embeddable":true,"href":"https:\/\/www.alliancefrancaise.cz\/pardubice\/fr\/wp-json\/wp\/v2\/tags?post=21573"}],"curies":[{"name":"wp","href":"https:\/\/api.w.org\/{rel}","templated":true}]}}