{"id":21658,"date":"2026-02-23T14:29:12","date_gmt":"2026-02-23T13:29:12","guid":{"rendered":"https:\/\/www.alliancefrancaise.cz\/pardubice\/?p=21658"},"modified":"2026-03-16T16:14:46","modified_gmt":"2026-03-16T15:14:46","slug":"mesic-frankofonie-v-pardubicich","status":"publish","type":"post","link":"https:\/\/www.alliancefrancaise.cz\/pardubice\/fr\/mesic-frankofonie-v-pardubicich\/","title":{"rendered":"M\u011bs\u00edc frankofonie v Pardubic\u00edch"},"content":{"rendered":"\n<p><\/p>\n\n\n\n<p>B\u0159ezen pat\u0159\u00ed frankofonii! P\u0159ij\u010fte s n\u00e1mi objevovat hudbu, literaturu, film i chut\u011b francouzsky mluv\u00edc\u00edho sv\u011bta.<\/p>\n\n\n\n<h3 class=\"wp-block-heading\"><strong>\ud83c\udfa8 10. 3. v 18:15 \u2013 Vernis\u00e1\u017e v\u00fdstavy<\/strong><\/h3>\n\n\n\n<p>Prozkoumejte Pa\u0159\u00ed\u017e z jin\u00e9 perspektivy, o\u010dima holuba, na v\u00fdstav\u011b v\u011bnovan\u00e9 grafick\u00e9mu rom\u00e1nu \u201eVictor a Notre-Dame\u201c od Val Reiyel.<\/p>\n\n\n\n<p>Ide\u00e1ln\u00ed p\u0159\u00edle\u017eitost objevit sv\u011bt francouzsko-belgick\u00fdch komiks\u016f.<\/p>\n\n\n\n<p>\ud83d\udccd <em>Alliance Fran\u00e7aise v Pardubic\u00edch<\/em><\/p>\n\n\n\n<h2 class=\"wp-block-heading\"><strong>\u2615 12. 3. v 18:30 \u2013 Caf\u00e9 fran\u00e7ais: S\u00e9n\u00e9gal<\/strong><\/h2>\n\n\n\n<p>V b\u0159eznu se vydejte do Dakaru a Senegalu!<\/p>\n\n\n\n<p>Tato africk\u00e1 zem\u011b, le\u017e\u00edc\u00ed mezi oce\u00e1nem, saharskou pou\u0161t\u00ed a de\u0161tn\u00fdmi pralesy, je pln\u00e1 p\u0159ekvapen\u00ed. Vyu\u017eijte t\u00e9to p\u0159\u00edle\u017eitosti k zdokonalen\u00ed sv\u00e9 francouz\u0161tiny a popov\u00edd\u00e1n\u00ed si s ostatn\u00edmi studenty! Akce prob\u00edh\u00e1 ve francouz\u0161tin\u011b.<\/p>\n\n\n\n<p>\ud83d\udccd Klub 29 v Pardubic\u00edch<\/p>\n\n\n\n<h3 class=\"wp-block-heading\"><strong>\ud83c\udfac 17. 3. v 18:15 \u2013 Projekce filmu<\/strong><\/h3>\n\n\n\n<p>Pono\u0159te se do sou\u010dasn\u00e9ho Maroka s prom\u00edt\u00e1n\u00edm filmu \u201eHore\u010dky\u201c od Hichama Ayoucha.<\/p>\n\n\n\n<p>Film vypr\u00e1v\u00ed p\u0159\u00edb\u011bh zam\u011b\u0159en\u00fd na rodinu a ml\u00e1d\u00ed, ale tak\u00e9 na hled\u00e1n\u00ed identity.<\/p>\n\n\n\n<p>Film bude prom\u00edt\u00e1n ve francouz\u0161tin\u011b s anglick\u00fdmi titulky.<\/p>\n\n\n\n<p>\ud83d\udccd <em>Alliance Fran\u00e7aise v Pardubic\u00edch<\/em><\/p>\n\n\n\n<h3 class=\"wp-block-heading\"><strong>\ud83d\udcda 20. 3. v 11:00 \u2013 \u0160umperk: Nouvelle-Aquitaine<\/strong><\/h3>\n\n\n\n<p>Vzd\u011bl\u00e1vac\u00ed program pro studenty Gymn\u00e1zia \u0160umperk v\u011bnovan\u00fd regionu Nouvelle-Aquitaine a frankofonn\u00ed kultu\u0159e. Prezentace a interaktivn\u00ed aktivity.<\/p>\n\n\n\n<p>\ud83d\udccd M\u011bstsk\u00e1 knihovna T. G. Masaryka \u0160umperk<\/p>\n\n\n\n<h3 class=\"wp-block-heading\"><strong>\ud83c\udfb6 20. 3. v 19:00 \u2013 Koncert<\/strong><\/h3>\n\n\n\n<p>Zp\u011bva\u010dka a skladatelka Eva (Cendores) Soraya zahraje n\u011bkter\u00e9 ze sv\u00fdch francouzsk\u00fdch p\u00edsn\u00ed a tak\u00e9 recit\u00e1ly mlad\u00fdch francouzsk\u00fdch skladatel\u016f a interpret\u016f.<\/p>\n\n\n\n<p>Jej\u00ed podmaniv\u00fd hlas v\u00e1s p\u0159enese.<\/p>\n\n\n\n<p>Povinn\u00e1 rezervace m\u00edst na \u010d\u00edsle: 608 872 224<\/p>\n\n\n\n<p>\ud83d\udccd Divadeln\u00ed klub &#8211; V\u00fdchodo\u010desk\u00e9 divadlo Pardubice<\/p>\n\n\n\n<h3 class=\"wp-block-heading\"><strong>\ud83c\udf34 24. 3. v 18:15 \u2013 Seychelsk\u00fd ve\u010der<\/strong><\/h3>\n\n\n\n<p>Seychely budou v centru pozornosti posledn\u00edho ve\u010dera!<\/p>\n\n\n\n<p>Tento ostrovn\u00ed st\u00e1t, kde se prol\u00edn\u00e1 africk\u00e1, asijsk\u00e1 a evropsk\u00e1 kultura, s idylick\u00fdmi pl\u00e1\u017eemi dokonale zakon\u010d\u00ed tento m\u011bs\u00edc slavnost\u00ed. Sou\u010d\u00e1st\u00ed ve\u010dera bude tak\u00e9 ochutn\u00e1vka sechelsk\u00fdch rum\u016f.<\/p>\n\n\n\n<p>\ud83d\udccd Alliance Fran\u00e7aise v Pardubic\u00edch<\/p>\n\n\n\n<p><\/p>\n","protected":false},"excerpt":{"rendered":"<p>B\u0159ezen pat\u0159\u00ed frankofonii! P\u0159ij\u010fte s n\u00e1mi objevovat hudbu, literaturu, film i chut\u011b francouzsky mluv\u00edc\u00edho sv\u011bta. \ud83c\udfa8 10. 3. v 18:15 \u2013 Vernis\u00e1\u017e&#8230;<\/p>\n","protected":false},"author":4,"featured_media":21661,"comment_status":"closed","ping_status":"closed","sticky":false,"template":"","format":"standard","meta":{"_acf_changed":false,"footnotes":""},"categories":[1],"tags":[],"class_list":["post-21658","post","type-post","status-publish","format-standard","has-post-thumbnail","hentry","category-nezarazene"],"acf":[],"_links":{"self":[{"href":"https:\/\/www.alliancefrancaise.cz\/pardubice\/fr\/wp-json\/wp\/v2\/posts\/21658","targetHints":{"allow":["GET"]}}],"collection":[{"href":"https:\/\/www.alliancefrancaise.cz\/pardubice\/fr\/wp-json\/wp\/v2\/posts"}],"about":[{"href":"https:\/\/www.alliancefrancaise.cz\/pardubice\/fr\/wp-json\/wp\/v2\/types\/post"}],"author":[{"embeddable":true,"href":"https:\/\/www.alliancefrancaise.cz\/pardubice\/fr\/wp-json\/wp\/v2\/users\/4"}],"replies":[{"embeddable":true,"href":"https:\/\/www.alliancefrancaise.cz\/pardubice\/fr\/wp-json\/wp\/v2\/comments?post=21658"}],"version-history":[{"count":7,"href":"https:\/\/www.alliancefrancaise.cz\/pardubice\/fr\/wp-json\/wp\/v2\/posts\/21658\/revisions"}],"predecessor-version":[{"id":21708,"href":"https:\/\/www.alliancefrancaise.cz\/pardubice\/fr\/wp-json\/wp\/v2\/posts\/21658\/revisions\/21708"}],"wp:featuredmedia":[{"embeddable":true,"href":"https:\/\/www.alliancefrancaise.cz\/pardubice\/fr\/wp-json\/wp\/v2\/media\/21661"}],"wp:attachment":[{"href":"https:\/\/www.alliancefrancaise.cz\/pardubice\/fr\/wp-json\/wp\/v2\/media?parent=21658"}],"wp:term":[{"taxonomy":"category","embeddable":true,"href":"https:\/\/www.alliancefrancaise.cz\/pardubice\/fr\/wp-json\/wp\/v2\/categories?post=21658"},{"taxonomy":"post_tag","embeddable":true,"href":"https:\/\/www.alliancefrancaise.cz\/pardubice\/fr\/wp-json\/wp\/v2\/tags?post=21658"}],"curies":[{"name":"wp","href":"https:\/\/api.w.org\/{rel}","templated":true}]}}